{"id":5950,"date":"2025-10-26T23:01:22","date_gmt":"2025-10-26T21:01:22","guid":{"rendered":"https:\/\/vilniauspetropovilo.lt\/?p=5950"},"modified":"2025-10-28T23:52:10","modified_gmt":"2025-10-28T21:52:10","slug":"mirusiuju-minejimas-2024-2","status":"publish","type":"post","link":"https:\/\/vilniauspetropovilo.lt\/pl\/mirusiuju-minejimas-2024-2\/","title":{"rendered":"Wypominki za zmar\u0142ych"},"content":{"rendered":"<p><\/p>\n<p><img loading=\"lazy\" decoding=\"async\" class=\"size-medium wp-image-5385 alignleft\" src=\"https:\/\/vilniauspetropovilo.lt\/wp-content\/uploads\/2023\/10\/IMG_20191101_113733-300x225.jpg\" alt=\"\" width=\"300\" height=\"225\" srcset=\"https:\/\/vilniauspetropovilo.lt\/wp-content\/uploads\/2023\/10\/IMG_20191101_113733-300x225.jpg 300w, https:\/\/vilniauspetropovilo.lt\/wp-content\/uploads\/2023\/10\/IMG_20191101_113733-1024x768.jpg 1024w, https:\/\/vilniauspetropovilo.lt\/wp-content\/uploads\/2023\/10\/IMG_20191101_113733-768x576.jpg 768w, https:\/\/vilniauspetropovilo.lt\/wp-content\/uploads\/2023\/10\/IMG_20191101_113733-1536x1152.jpg 1536w, https:\/\/vilniauspetropovilo.lt\/wp-content\/uploads\/2023\/10\/IMG_20191101_113733-2048x1536.jpg 2048w, https:\/\/vilniauspetropovilo.lt\/wp-content\/uploads\/2023\/10\/IMG_20191101_113733-133x100.jpg 133w, https:\/\/vilniauspetropovilo.lt\/wp-content\/uploads\/2023\/10\/IMG_20191101_113733-1000x750.jpg 1000w\" sizes=\"auto, (max-width: 300px) 100vw, 300px\" \/>W zakrystii mo\u017cna ju\u017c zapisa\u0107 modlitw\u0119 za naszych bliskich zmar\u0142ych na <strong>Wypominki w oktawie Wszystkich \u015awi\u0119tych<\/strong>.<\/p>\n<div dir=\"auto\">Kartk\u0119 tak\u017ce mo\u017cna pobra\u0107 z naszej strony, wype\u0142ni\u0107 j\u0105 w domu i przynie\u015b\u0107 do zakrystii.<\/div>\n<p>&nbsp;<\/p>\n<p><a href=\"https:\/\/vilniauspetropovilo.lt\/wp-content\/uploads\/2024\/10\/PL-WYPOMINKI-2025.doc\"><strong>&#8212;&gt;&gt;&gt; POBRA\u0106 KARTK\u0118 NA WYPOMINKI &lt;&lt;&lt;&#8212;<\/strong><\/a><\/p>\n<p><\/p>","protected":false},"excerpt":{"rendered":"<p>W zakrystii mo\u017cna ju\u017c zapisa\u0107 modlitw\u0119 za naszych bliskich zmar\u0142ych na Wypominki w oktawie Wszystkich \u015awi\u0119tych. Kartk\u0119 tak\u017ce mo\u017cna pobra\u0107 z naszej strony, wype\u0142ni\u0107 j\u0105 w domu i przynie\u015b\u0107 do \u2026<\/p>\n","protected":false},"author":2,"featured_media":4529,"comment_status":"closed","ping_status":"open","sticky":false,"template":"","format":"standard","meta":{"footnotes":""},"categories":[3],"tags":[],"class_list":["post-5950","post","type-post","status-publish","format-standard","has-post-thumbnail","hentry","category-naujienos"],"yoast_head":"<!-- This site is optimized with the Yoast SEO plugin v27.3 - https:\/\/yoast.com\/product\/yoast-seo-wordpress\/ -->\n<title>Wypominki za zmar\u0142ych - Vilniaus \u0160v. apa\u0161tal\u0173 Petro ir Povilo ba\u017eny\u010dia<\/title>\n<meta name=\"robots\" content=\"index, follow, max-snippet:-1, max-image-preview:large, max-video-preview:-1\" \/>\n<link rel=\"canonical\" href=\"https:\/\/vilniauspetropovilo.lt\/mirusiuju-minejimas-2024-2\/\" \/>\n<meta property=\"og:locale\" content=\"pl_PL\" \/>\n<meta property=\"og:type\" content=\"article\" \/>\n<meta property=\"og:title\" content=\"Wypominki za zmar\u0142ych - Vilniaus \u0160v. apa\u0161tal\u0173 Petro ir Povilo ba\u017eny\u010dia\" \/>\n<meta property=\"og:description\" content=\"W zakrystii mo\u017cna ju\u017c zapisa\u0107 modlitw\u0119 za naszych bliskich zmar\u0142ych na Wypominki w oktawie Wszystkich \u015awi\u0119tych. Kartk\u0119 tak\u017ce mo\u017cna pobra\u0107 z naszej strony, wype\u0142ni\u0107 j\u0105 w domu i przynie\u015b\u0107 do \u2026\" \/>\n<meta property=\"og:url\" content=\"https:\/\/vilniauspetropovilo.lt\/mirusiuju-minejimas-2024-2\/\" \/>\n<meta property=\"og:site_name\" content=\"Vilniaus \u0160v. apa\u0161tal\u0173 Petro ir Povilo ba\u017eny\u010dia\" \/>\n<meta property=\"article:published_time\" content=\"2025-10-26T21:01:22+00:00\" \/>\n<meta property=\"article:modified_time\" content=\"2025-10-28T21:52:10+00:00\" \/>\n<meta property=\"og:image\" content=\"https:\/\/vilniauspetropovilo.lt\/wp-content\/uploads\/2022\/09\/wypominki-PiP-TW-scaled.jpg\" \/>\n\t<meta property=\"og:image:width\" content=\"2560\" \/>\n\t<meta property=\"og:image:height\" content=\"1696\" \/>\n\t<meta property=\"og:image:type\" content=\"image\/jpeg\" \/>\n<meta name=\"author\" content=\"Marek Rusakevi\u010d\" \/>\n<meta name=\"twitter:card\" content=\"summary_large_image\" \/>\n<meta name=\"twitter:label1\" content=\"Napisane przez\" \/>\n\t<meta name=\"twitter:data1\" content=\"Marek Rusakevi\u010d\" \/>\n\t<meta name=\"twitter:label2\" content=\"Szacowany czas czytania\" \/>\n\t<meta name=\"twitter:data2\" content=\"1 minuta\" \/>\n<script type=\"application\/ld+json\" class=\"yoast-schema-graph\">{\"@context\":\"https:\\\/\\\/schema.org\",\"@graph\":[{\"@type\":\"Article\",\"@id\":\"https:\\\/\\\/vilniauspetropovilo.lt\\\/mirusiuju-minejimas-2024-2\\\/#article\",\"isPartOf\":{\"@id\":\"https:\\\/\\\/vilniauspetropovilo.lt\\\/mirusiuju-minejimas-2024-2\\\/\"},\"author\":{\"name\":\"Marek Rusakevi\u010d\",\"@id\":\"https:\\\/\\\/vilniauspetropovilo.lt\\\/#\\\/schema\\\/person\\\/6a83f0c29542565c8f6ffe96ec242930\"},\"headline\":\"Wypominki za zmar\u0142ych\",\"datePublished\":\"2025-10-26T21:01:22+00:00\",\"dateModified\":\"2025-10-28T21:52:10+00:00\",\"mainEntityOfPage\":{\"@id\":\"https:\\\/\\\/vilniauspetropovilo.lt\\\/mirusiuju-minejimas-2024-2\\\/\"},\"wordCount\":114,\"image\":{\"@id\":\"https:\\\/\\\/vilniauspetropovilo.lt\\\/mirusiuju-minejimas-2024-2\\\/#primaryimage\"},\"thumbnailUrl\":\"https:\\\/\\\/vilniauspetropovilo.lt\\\/wp-content\\\/uploads\\\/2022\\\/09\\\/wypominki-PiP-TW-scaled.jpg\",\"articleSection\":[\"\"],\"inLanguage\":\"pl-PL\"},{\"@type\":\"WebPage\",\"@id\":\"https:\\\/\\\/vilniauspetropovilo.lt\\\/mirusiuju-minejimas-2024-2\\\/\",\"url\":\"https:\\\/\\\/vilniauspetropovilo.lt\\\/mirusiuju-minejimas-2024-2\\\/\",\"name\":\"Wypominki za zmar\u0142ych - Vilniaus \u0160v. apa\u0161tal\u0173 Petro ir Povilo ba\u017eny\u010dia\",\"isPartOf\":{\"@id\":\"https:\\\/\\\/vilniauspetropovilo.lt\\\/#website\"},\"primaryImageOfPage\":{\"@id\":\"https:\\\/\\\/vilniauspetropovilo.lt\\\/mirusiuju-minejimas-2024-2\\\/#primaryimage\"},\"image\":{\"@id\":\"https:\\\/\\\/vilniauspetropovilo.lt\\\/mirusiuju-minejimas-2024-2\\\/#primaryimage\"},\"thumbnailUrl\":\"https:\\\/\\\/vilniauspetropovilo.lt\\\/wp-content\\\/uploads\\\/2022\\\/09\\\/wypominki-PiP-TW-scaled.jpg\",\"datePublished\":\"2025-10-26T21:01:22+00:00\",\"dateModified\":\"2025-10-28T21:52:10+00:00\",\"author\":{\"@id\":\"https:\\\/\\\/vilniauspetropovilo.lt\\\/#\\\/schema\\\/person\\\/6a83f0c29542565c8f6ffe96ec242930\"},\"breadcrumb\":{\"@id\":\"https:\\\/\\\/vilniauspetropovilo.lt\\\/mirusiuju-minejimas-2024-2\\\/#breadcrumb\"},\"inLanguage\":\"pl-PL\",\"potentialAction\":[{\"@type\":\"ReadAction\",\"target\":[\"https:\\\/\\\/vilniauspetropovilo.lt\\\/mirusiuju-minejimas-2024-2\\\/\"]}]},{\"@type\":\"ImageObject\",\"inLanguage\":\"pl-PL\",\"@id\":\"https:\\\/\\\/vilniauspetropovilo.lt\\\/mirusiuju-minejimas-2024-2\\\/#primaryimage\",\"url\":\"https:\\\/\\\/vilniauspetropovilo.lt\\\/wp-content\\\/uploads\\\/2022\\\/09\\\/wypominki-PiP-TW-scaled.jpg\",\"contentUrl\":\"https:\\\/\\\/vilniauspetropovilo.lt\\\/wp-content\\\/uploads\\\/2022\\\/09\\\/wypominki-PiP-TW-scaled.jpg\",\"width\":2560,\"height\":1696},{\"@type\":\"BreadcrumbList\",\"@id\":\"https:\\\/\\\/vilniauspetropovilo.lt\\\/mirusiuju-minejimas-2024-2\\\/#breadcrumb\",\"itemListElement\":[{\"@type\":\"ListItem\",\"position\":1,\"name\":\"Home\",\"item\":\"https:\\\/\\\/vilniauspetropovilo.lt\\\/\"},{\"@type\":\"ListItem\",\"position\":2,\"name\":\"Mirusi\u0173j\u0173 min\u0117jimas\"}]},{\"@type\":\"WebSite\",\"@id\":\"https:\\\/\\\/vilniauspetropovilo.lt\\\/#website\",\"url\":\"https:\\\/\\\/vilniauspetropovilo.lt\\\/\",\"name\":\"Vilniaus \u0160v. apa\u0161tal\u0173 Petro ir Povilo ba\u017eny\u010dia\",\"description\":\"parafia pw. \u015awi\u0119tych Aposto\u0142\u00f3w Piotra i Paw\u0142a w Wilnie\",\"potentialAction\":[{\"@type\":\"SearchAction\",\"target\":{\"@type\":\"EntryPoint\",\"urlTemplate\":\"https:\\\/\\\/vilniauspetropovilo.lt\\\/?s={search_term_string}\"},\"query-input\":{\"@type\":\"PropertyValueSpecification\",\"valueRequired\":true,\"valueName\":\"search_term_string\"}}],\"inLanguage\":\"pl-PL\"},{\"@type\":\"Person\",\"@id\":\"https:\\\/\\\/vilniauspetropovilo.lt\\\/#\\\/schema\\\/person\\\/6a83f0c29542565c8f6ffe96ec242930\",\"name\":\"Marek Rusakevi\u010d\",\"image\":{\"@type\":\"ImageObject\",\"inLanguage\":\"pl-PL\",\"@id\":\"https:\\\/\\\/secure.gravatar.com\\\/avatar\\\/412b37316abc24b6069825e81c7b8dd02cc0c347d813c649e96fc7feb10746b4?s=96&d=mm&r=g\",\"url\":\"https:\\\/\\\/secure.gravatar.com\\\/avatar\\\/412b37316abc24b6069825e81c7b8dd02cc0c347d813c649e96fc7feb10746b4?s=96&d=mm&r=g\",\"contentUrl\":\"https:\\\/\\\/secure.gravatar.com\\\/avatar\\\/412b37316abc24b6069825e81c7b8dd02cc0c347d813c649e96fc7feb10746b4?s=96&d=mm&r=g\",\"caption\":\"Marek Rusakevi\u010d\"},\"url\":\"https:\\\/\\\/vilniauspetropovilo.lt\\\/pl\\\/author\\\/pp\\\/\"}]}<\/script>\n<!-- \/ Yoast SEO plugin. -->","yoast_head_json":{"title":"Wypominki za zmar\u0142ych - Vilniaus \u0160v. apa\u0161tal\u0173 Petro ir Povilo ba\u017eny\u010dia","robots":{"index":"index","follow":"follow","max-snippet":"max-snippet:-1","max-image-preview":"max-image-preview:large","max-video-preview":"max-video-preview:-1"},"canonical":"https:\/\/vilniauspetropovilo.lt\/mirusiuju-minejimas-2024-2\/","og_locale":"pl_PL","og_type":"article","og_title":"Wypominki za zmar\u0142ych - Vilniaus \u0160v. apa\u0161tal\u0173 Petro ir Povilo ba\u017eny\u010dia","og_description":"W zakrystii mo\u017cna ju\u017c zapisa\u0107 modlitw\u0119 za naszych bliskich zmar\u0142ych na Wypominki w oktawie Wszystkich \u015awi\u0119tych. Kartk\u0119 tak\u017ce mo\u017cna pobra\u0107 z naszej strony, wype\u0142ni\u0107 j\u0105 w domu i przynie\u015b\u0107 do \u2026","og_url":"https:\/\/vilniauspetropovilo.lt\/mirusiuju-minejimas-2024-2\/","og_site_name":"Vilniaus \u0160v. apa\u0161tal\u0173 Petro ir Povilo ba\u017eny\u010dia","article_published_time":"2025-10-26T21:01:22+00:00","article_modified_time":"2025-10-28T21:52:10+00:00","og_image":[{"width":2560,"height":1696,"url":"https:\/\/vilniauspetropovilo.lt\/wp-content\/uploads\/2022\/09\/wypominki-PiP-TW-scaled.jpg","type":"image\/jpeg"}],"author":"Marek Rusakevi\u010d","twitter_card":"summary_large_image","twitter_misc":{"Napisane przez":"Marek Rusakevi\u010d","Szacowany czas czytania":"1 minuta"},"schema":{"@context":"https:\/\/schema.org","@graph":[{"@type":"Article","@id":"https:\/\/vilniauspetropovilo.lt\/mirusiuju-minejimas-2024-2\/#article","isPartOf":{"@id":"https:\/\/vilniauspetropovilo.lt\/mirusiuju-minejimas-2024-2\/"},"author":{"name":"Marek Rusakevi\u010d","@id":"https:\/\/vilniauspetropovilo.lt\/#\/schema\/person\/6a83f0c29542565c8f6ffe96ec242930"},"headline":"Wypominki za zmar\u0142ych","datePublished":"2025-10-26T21:01:22+00:00","dateModified":"2025-10-28T21:52:10+00:00","mainEntityOfPage":{"@id":"https:\/\/vilniauspetropovilo.lt\/mirusiuju-minejimas-2024-2\/"},"wordCount":114,"image":{"@id":"https:\/\/vilniauspetropovilo.lt\/mirusiuju-minejimas-2024-2\/#primaryimage"},"thumbnailUrl":"https:\/\/vilniauspetropovilo.lt\/wp-content\/uploads\/2022\/09\/wypominki-PiP-TW-scaled.jpg","articleSection":[""],"inLanguage":"pl-PL"},{"@type":"WebPage","@id":"https:\/\/vilniauspetropovilo.lt\/mirusiuju-minejimas-2024-2\/","url":"https:\/\/vilniauspetropovilo.lt\/mirusiuju-minejimas-2024-2\/","name":"Wypominki za zmar\u0142ych - Vilniaus \u0160v. apa\u0161tal\u0173 Petro ir Povilo ba\u017eny\u010dia","isPartOf":{"@id":"https:\/\/vilniauspetropovilo.lt\/#website"},"primaryImageOfPage":{"@id":"https:\/\/vilniauspetropovilo.lt\/mirusiuju-minejimas-2024-2\/#primaryimage"},"image":{"@id":"https:\/\/vilniauspetropovilo.lt\/mirusiuju-minejimas-2024-2\/#primaryimage"},"thumbnailUrl":"https:\/\/vilniauspetropovilo.lt\/wp-content\/uploads\/2022\/09\/wypominki-PiP-TW-scaled.jpg","datePublished":"2025-10-26T21:01:22+00:00","dateModified":"2025-10-28T21:52:10+00:00","author":{"@id":"https:\/\/vilniauspetropovilo.lt\/#\/schema\/person\/6a83f0c29542565c8f6ffe96ec242930"},"breadcrumb":{"@id":"https:\/\/vilniauspetropovilo.lt\/mirusiuju-minejimas-2024-2\/#breadcrumb"},"inLanguage":"pl-PL","potentialAction":[{"@type":"ReadAction","target":["https:\/\/vilniauspetropovilo.lt\/mirusiuju-minejimas-2024-2\/"]}]},{"@type":"ImageObject","inLanguage":"pl-PL","@id":"https:\/\/vilniauspetropovilo.lt\/mirusiuju-minejimas-2024-2\/#primaryimage","url":"https:\/\/vilniauspetropovilo.lt\/wp-content\/uploads\/2022\/09\/wypominki-PiP-TW-scaled.jpg","contentUrl":"https:\/\/vilniauspetropovilo.lt\/wp-content\/uploads\/2022\/09\/wypominki-PiP-TW-scaled.jpg","width":2560,"height":1696},{"@type":"BreadcrumbList","@id":"https:\/\/vilniauspetropovilo.lt\/mirusiuju-minejimas-2024-2\/#breadcrumb","itemListElement":[{"@type":"ListItem","position":1,"name":"Home","item":"https:\/\/vilniauspetropovilo.lt\/"},{"@type":"ListItem","position":2,"name":"Mirusi\u0173j\u0173 min\u0117jimas"}]},{"@type":"WebSite","@id":"https:\/\/vilniauspetropovilo.lt\/#website","url":"https:\/\/vilniauspetropovilo.lt\/","name":"Vilniaus \u0160v. apa\u0161tal\u0173 Petro ir Povilo ba\u017eny\u010dia","description":"parafia pw. \u015awi\u0119tych Aposto\u0142\u00f3w Piotra i Paw\u0142a w Wilnie","potentialAction":[{"@type":"SearchAction","target":{"@type":"EntryPoint","urlTemplate":"https:\/\/vilniauspetropovilo.lt\/?s={search_term_string}"},"query-input":{"@type":"PropertyValueSpecification","valueRequired":true,"valueName":"search_term_string"}}],"inLanguage":"pl-PL"},{"@type":"Person","@id":"https:\/\/vilniauspetropovilo.lt\/#\/schema\/person\/6a83f0c29542565c8f6ffe96ec242930","name":"Marek Rusakevi\u010d","image":{"@type":"ImageObject","inLanguage":"pl-PL","@id":"https:\/\/secure.gravatar.com\/avatar\/412b37316abc24b6069825e81c7b8dd02cc0c347d813c649e96fc7feb10746b4?s=96&d=mm&r=g","url":"https:\/\/secure.gravatar.com\/avatar\/412b37316abc24b6069825e81c7b8dd02cc0c347d813c649e96fc7feb10746b4?s=96&d=mm&r=g","contentUrl":"https:\/\/secure.gravatar.com\/avatar\/412b37316abc24b6069825e81c7b8dd02cc0c347d813c649e96fc7feb10746b4?s=96&d=mm&r=g","caption":"Marek Rusakevi\u010d"},"url":"https:\/\/vilniauspetropovilo.lt\/pl\/author\/pp\/"}]}},"_links":{"self":[{"href":"https:\/\/vilniauspetropovilo.lt\/pl\/wp-json\/wp\/v2\/posts\/5950","targetHints":{"allow":["GET"]}}],"collection":[{"href":"https:\/\/vilniauspetropovilo.lt\/pl\/wp-json\/wp\/v2\/posts"}],"about":[{"href":"https:\/\/vilniauspetropovilo.lt\/pl\/wp-json\/wp\/v2\/types\/post"}],"author":[{"embeddable":true,"href":"https:\/\/vilniauspetropovilo.lt\/pl\/wp-json\/wp\/v2\/users\/2"}],"replies":[{"embeddable":true,"href":"https:\/\/vilniauspetropovilo.lt\/pl\/wp-json\/wp\/v2\/comments?post=5950"}],"version-history":[{"count":2,"href":"https:\/\/vilniauspetropovilo.lt\/pl\/wp-json\/wp\/v2\/posts\/5950\/revisions"}],"predecessor-version":[{"id":5953,"href":"https:\/\/vilniauspetropovilo.lt\/pl\/wp-json\/wp\/v2\/posts\/5950\/revisions\/5953"}],"wp:featuredmedia":[{"embeddable":true,"href":"https:\/\/vilniauspetropovilo.lt\/pl\/wp-json\/wp\/v2\/media\/4529"}],"wp:attachment":[{"href":"https:\/\/vilniauspetropovilo.lt\/pl\/wp-json\/wp\/v2\/media?parent=5950"}],"wp:term":[{"taxonomy":"category","embeddable":true,"href":"https:\/\/vilniauspetropovilo.lt\/pl\/wp-json\/wp\/v2\/categories?post=5950"},{"taxonomy":"post_tag","embeddable":true,"href":"https:\/\/vilniauspetropovilo.lt\/pl\/wp-json\/wp\/v2\/tags?post=5950"}],"curies":[{"name":"wp","href":"https:\/\/api.w.org\/{rel}","templated":true}]}}