{"id":5934,"date":"2025-09-01T11:08:01","date_gmt":"2025-09-01T09:08:01","guid":{"rendered":"https:\/\/vilniauspetropovilo.lt\/?p=5934"},"modified":"2025-09-04T21:05:36","modified_gmt":"2025-09-04T19:05:36","slug":"piligrimine-kelione-sicilija-2026","status":"publish","type":"post","link":"https:\/\/vilniauspetropovilo.lt\/pl\/piligrimine-kelione-sicilija-2026\/","title":{"rendered":"Pielgrzymka na Sycyli\u0119 &#8211; 2026 r."},"content":{"rendered":"<p><\/p>\n<h2><strong>PROGRAM \u2013 SYCYLIA<\/strong><\/h2>\n<h3>TERMIN:<\/h3>\n<h3>1 grupa &#8211; 23.05 &#8211; 30.05.2026 (brak wolnych miejsc)<\/h3>\n<h3>2 grupa 30.05 &#8211; 06.06.2026 (brak wolnych miejsc)<\/h3>\n<p>&nbsp;<\/p>\n<p><strong>CENA 1250 Euro<\/strong><\/p>\n<p>&nbsp;<\/p>\n<p><strong>1 dzie\u0144<\/strong> zbi\u00f3rka na lotnisku o godz. 7:00.<\/p>\n<p>Wylot: <strong>Wilno-Ryga (09:05 &#8211; 09:55), Ryga-Katania (14:40 &#8211; 17:10)<\/strong><\/p>\n<p>Transfer do hotelu, zakwaterowanie, obiadokolacja, nocleg.<\/p>\n<p>&nbsp;<\/p>\n<p><strong>2 dzie\u0144<\/strong> \u015aniadanie, przejazd na punkt widokowy wulkanu ETNA &#8211; najwy\u017cszego i najbardziej czynnego wulkanu Europy. Wulkan Etna jest jednym z najwi\u0119kszych wulkan\u00f3w na \u015bwiecie i jest widoczny z odleg\u0142o\u015bci nawet 250 km. Przejazd na wysoko\u015bci 1900 m, spacer wok\u00f3\u0142 jednego z krater\u00f3w oraz degustacja miod\u00f3w, nalewek i s\u0142odko\u015bci. Nast\u0119pnie przejazd do TAORMINY \u2013 jednego z najbardziej urokliwych starych miast Sycylii, luksusowego kurortu, po\u0142o\u017conego na zboczu g\u00f3ry Monte Tauro nad Morzem Jo\u0144skim, spacer po mie\u015bcie, zobaczymy m. in Katedr\u0119 \u015bw. Miko\u0142aja, Corso Umberto &#8211; g\u0142\u00f3wn\u0105 ulic\u0119 miasta, star\u00f3wk\u0119, Pa\u0142ac Corvaja, Piazza del Duomo, dobrze zachowany Teatr Grecki z III w. p.n.e. z przepi\u0119knym widokiem na Zatok\u0119, ruiny zamku g\u00f3ruj\u0105cego nad miastem i Plac Vittorio Emanuele. Czas wolny. W ci\u0105gu dnia Msza \u015awi\u0119ta. Powr\u00f3t do hotelu, obiadokolacja, nocleg.<\/p>\n<p>&nbsp;<\/p>\n<p><strong>3 dzie\u0144<\/strong> \u015aniadanie, wycieczka do SYRAKUZ &#8211; miasta s\u0142ynnego Archimedesa &#8211; spacer po Ortigii, \u015bwi\u0105tynia Apollina z VI w p.n.e., Plac Archimedesa \u2013 to w\u0142a\u015bnie w Syrakuzach s\u0142ynny uczony wykrzykn\u0105\u0142 s\u0142ynne \u201eEureka\u201d kiedy sformu\u0142owa\u0142 prawo okre\u015blaj\u0105ce si\u0142\u0119 wyporu, Sanktuarium Matki Boskiej P\u0142acz\u0105cej, Piazza Duomo. Czas wolny. W ci\u0105gu dnia Msza \u015awi\u0119ta. Przejazd do NOTO \u2013 stolicy baroku: Katedra pw. \u015aw. Miko\u0142aja, Pa\u0142ac Duzezio, Brama kr\u00f3lewska. Powr\u00f3t do hotelu, obiadokolacja, nocleg.<\/p>\n<p>&nbsp;<\/p>\n<p><strong>4 dzie\u0144 <\/strong>\u015aniadanie, wykwaterowanie, przejazd do TINDARI \u2013 na zwiedzanie sanktuarium Czarnej Madonny. Nast\u0119pnie przejazd do CEFALU &#8211; jednego z najpi\u0119kniejszych w\u0142oskich miasteczek, po\u0142o\u017conego urokliwie nad morzem, z majestatyczn\u0105 ska\u0142\u0105 fortec\u0105 i cudown\u0105 Katedr\u0105 z 1131 r ufundowanej przez norma\u0144skiego kr\u00f3la Rogera II, starym portem z kolorowymi \u0142\u00f3dkami rybak\u00f3w. Czas wolny. W ci\u0105gu dnia Msza \u015awi\u0119ta. Przejazd do hotelu, obiadokolacja, nocleg.<\/p>\n<p>&nbsp;<\/p>\n<p><strong>5 dzie\u0144 <\/strong>\u015aniadanie. Wyjazd do MONREALE &#8211; zwiedzanie Katedry Norma\u0144skiej o przepi\u0119knych mozaikowych dekoracjach wn\u0119trza oraz spacer malowniczymi uliczkami miasta. W ci\u0105gu dnia Msza \u015awi\u0119ta. Przejazd do PALERMO &#8211; Stare Miasto, Pa\u0142ac Norman\u00f3w, Porta Nuova, Plac Wstydu, Porta Felice, Katedra NMP Wniebowzi\u0119tej oraz Sanktuarium \u015bw. Rozalii. Przejazd do Monte Pellegrino, gdzie znajduje si\u0119 Sanktuarium \u015bw. Rozalii z 1625 r, wzniesione w miejscu, w kt\u00f3rym znajdowa\u0142a si\u0119 pustelnia \u015bwi\u0119tej &#8211; patronki miasta i z kt\u00f3rego roztacza si\u0119 przepi\u0119kna panorama Palermo. Czas wolny. Powr\u00f3t do hotelu, obiadokolacja, nocleg.<\/p>\n<p>&nbsp;<\/p>\n<p><strong>6 dzie\u0144<\/strong> \u015aniadanie. Przejazd do TRAPANI; Katedra \u015aw. Wawrzy\u0144ca, Zamek Colombaia (z zewn\u0105trz). Przejazd kolejk\u0105 liniow\u0105 do ERICE \u2013 \u015bredniowieczne, klimatyczne miasteczko. W ci\u0105gu dnia Msza \u015awi\u0119ta. Powr\u00f3t do hotelu, obiadokolacja, nocleg.<\/p>\n<p>&nbsp;<\/p>\n<p><strong>7 dzie\u0144<\/strong> \u015bniadanie, zwiedzanie KATANII &#8211; miasta \u015bw. Agaty, zbudowanego z kamienia wulkanicznego: Plac Katedralny, Katedra \u015bw. Agaty z relikwiami patronki, ratusz miejski, Fontanna S\u0142onia, ruiny teatru rzymskiego z II wieku p.n.e. i greckiego amfiteatru, spacer po Via Etnea \u2013 najd\u0142u\u017csza ulica nie tylko w Katanii, lecz tak\u017ce na Sycylii, wybrukowana bazaltem z Etny, pe\u0142ni\u0105ca funkcje salonu miasta, czas wolny na kaw\u0119 i spr\u00f3bowanie lokalnych s\u0142odko\u015bci m.in. minne di Sant\u2019Agata \u2013 ciasteczek \u015bwi\u0119tej Agaty czy s\u0142odkiej cannoli siciliani. W ci\u0105gu dnia Msza \u015awi\u0119ta. Obiadokolacja, nocleg.<\/p>\n<p>&nbsp;<\/p>\n<p><strong>8 dzie\u0144<\/strong> \u015bniadanie, wykwaterowanie, czas wolny, transfer na lotnisko.<\/p>\n<p><strong>Wylot: Katania-Ryga (17:55 &#8211; 22:15), Ryga-Wilno (23:15 &#8211; 23:59)<\/strong><\/p>\n<p>&nbsp;<\/p>\n<p>KOLEJNO\u015a\u0106 ZWIEDZANIA MO\u017bE ZOSTA\u0106 ZMIENIONA<\/p>\n<p>CENA OBEJMUJE:<strong>\u00a0<\/strong><\/p>\n<ul>\n<li>&#8211; przelot samolotem Wilno-Katania-Wilno, baga\u017c podr\u0119czny oraz walizka 20 kg.<\/li>\n<li>&#8211; 7 nocleg\u00f3w (2 hotele) \u015bniadanie i obiadokolacja<\/li>\n<li>&#8211; pilot + lokalni przewodnicy<\/li>\n<li>&#8211; zestawy s\u0142uchawkowe<\/li>\n<li>&#8211; ubezpieczenie medyczne<\/li>\n<li>&#8211; transport lokalny<\/li>\n<li>&#8211; rezerwacje Mszy \u015aw.<\/li>\n<li>&#8211; wst\u0119py (Taormina \u2013 Teatr Antyczny, Syrakuzy \u2013 Katedra, Noto \u2013 Katedra, Monreale &#8211; Katedra)<\/li>\n<li>&#8211; dop\u0142ata za pok\u00f3j jednoosobowy 250 Euro<\/li>\n<\/ul>\n<p>&nbsp;<\/p>\n<p>Harmonogram wp\u0142at:<\/p>\n<p><strong>I cz\u0119\u015b\u0107 450 Euro &#8211; do 30.09.2025<\/strong> (razem z wp\u0142at\u0105 prosimy o przes\u0142anie dowodu osobistego lub paszportu)<\/p>\n<p><strong>II cz\u0119\u015b\u0107 400 Euro &#8211; do 31.12.2025<\/strong><\/p>\n<p><strong>III cz\u0119\u015b\u0107 400 Euro &#8211; do 31.03.2026<\/strong><\/p>\n<p>&nbsp;<\/p>\n<p>Zaliczk\u0119 mo\u017cna wp\u0142aci\u0107 w zakrystii lub przelewem na konto bankowe.<\/p>\n<p>Dane do przelewu:<\/p>\n<p>Gav\u0117jas: <strong>Vilniaus \u0160v. Apa\u0161tal\u0173 Petro ir Povilo parapija<\/strong><\/p>\n<p>S\u0105skaitos Nr.:\u00a0 <strong>LT79 7300 0100 0244 8078<\/strong><\/p>\n<p>Bankas:<strong> Swedbank<\/strong><\/p>\n<p>Paskirtis: <strong>Piligrimin\u0117 kelion\u0117 ITALIJA2026<\/strong><\/p>\n<p>&nbsp;<\/p>\n<p>W razie pyta\u0144 i zapis\u00f3w prosimy o kontakt : <a href=\"tel:+37065270638\">+370 652 70638<\/a> (Marek)<\/p>\n<p><\/p>","protected":false},"excerpt":{"rendered":"<p>PROGRAM \u2013 SYCYLIA TERMIN: 1 grupa &#8211; 23.05 &#8211; 30.05.2026 (brak wolnych miejsc) 2 grupa 30.05 &#8211; 06.06.2026 (brak wolnych miejsc) &nbsp; CENA 1250 Euro &nbsp; 1 dzie\u0144 zbi\u00f3rka na \u2026<\/p>\n","protected":false},"author":2,"featured_media":5935,"comment_status":"open","ping_status":"open","sticky":false,"template":"","format":"standard","meta":{"footnotes":""},"categories":[1,3],"tags":[],"class_list":["post-5934","post","type-post","status-publish","format-standard","has-post-thumbnail","hentry","category-be-kategorijos","category-naujienos"],"yoast_head":"<!-- This site is optimized with the Yoast SEO plugin v27.3 - https:\/\/yoast.com\/product\/yoast-seo-wordpress\/ -->\n<title>Pielgrzymka na Sycyli\u0119 - 2026 r. - Vilniaus \u0160v. apa\u0161tal\u0173 Petro ir Povilo ba\u017eny\u010dia<\/title>\n<meta name=\"robots\" content=\"index, follow, max-snippet:-1, max-image-preview:large, max-video-preview:-1\" \/>\n<link rel=\"canonical\" href=\"https:\/\/vilniauspetropovilo.lt\/piligrimine-kelione-sicilija-2026\/\" \/>\n<meta property=\"og:locale\" content=\"pl_PL\" \/>\n<meta property=\"og:type\" content=\"article\" \/>\n<meta property=\"og:title\" content=\"Pielgrzymka na Sycyli\u0119 - 2026 r. - Vilniaus \u0160v. apa\u0161tal\u0173 Petro ir Povilo ba\u017eny\u010dia\" \/>\n<meta property=\"og:description\" content=\"PROGRAM \u2013 SYCYLIA TERMIN: 1 grupa &#8211; 23.05 &#8211; 30.05.2026 (brak wolnych miejsc) 2 grupa 30.05 &#8211; 06.06.2026 (brak wolnych miejsc) &nbsp; CENA 1250 Euro &nbsp; 1 dzie\u0144 zbi\u00f3rka na \u2026\" \/>\n<meta property=\"og:url\" content=\"https:\/\/vilniauspetropovilo.lt\/piligrimine-kelione-sicilija-2026\/\" \/>\n<meta property=\"og:site_name\" content=\"Vilniaus \u0160v. apa\u0161tal\u0173 Petro ir Povilo ba\u017eny\u010dia\" \/>\n<meta property=\"article:published_time\" content=\"2025-09-01T09:08:01+00:00\" \/>\n<meta property=\"article:modified_time\" content=\"2025-09-04T19:05:36+00:00\" \/>\n<meta property=\"og:image\" content=\"https:\/\/vilniauspetropovilo.lt\/wp-content\/uploads\/2025\/08\/syc12-1024x576.png\" \/>\n\t<meta property=\"og:image:width\" content=\"1024\" \/>\n\t<meta property=\"og:image:height\" content=\"576\" \/>\n\t<meta property=\"og:image:type\" content=\"image\/png\" \/>\n<meta name=\"author\" content=\"Marek Rusakevi\u010d\" \/>\n<meta name=\"twitter:card\" content=\"summary_large_image\" \/>\n<meta name=\"twitter:label1\" content=\"Napisane przez\" \/>\n\t<meta name=\"twitter:data1\" content=\"Marek Rusakevi\u010d\" \/>\n\t<meta name=\"twitter:label2\" content=\"Szacowany czas czytania\" \/>\n\t<meta name=\"twitter:data2\" content=\"4 minuty\" \/>\n<script type=\"application\/ld+json\" class=\"yoast-schema-graph\">{\"@context\":\"https:\\\/\\\/schema.org\",\"@graph\":[{\"@type\":\"Article\",\"@id\":\"https:\\\/\\\/vilniauspetropovilo.lt\\\/piligrimine-kelione-sicilija-2026\\\/#article\",\"isPartOf\":{\"@id\":\"https:\\\/\\\/vilniauspetropovilo.lt\\\/piligrimine-kelione-sicilija-2026\\\/\"},\"author\":{\"name\":\"Marek Rusakevi\u010d\",\"@id\":\"https:\\\/\\\/vilniauspetropovilo.lt\\\/#\\\/schema\\\/person\\\/6a83f0c29542565c8f6ffe96ec242930\"},\"headline\":\"Pielgrzymka na Sycyli\u0119 &#8211; 2026 r.\",\"datePublished\":\"2025-09-01T09:08:01+00:00\",\"dateModified\":\"2025-09-04T19:05:36+00:00\",\"mainEntityOfPage\":{\"@id\":\"https:\\\/\\\/vilniauspetropovilo.lt\\\/piligrimine-kelione-sicilija-2026\\\/\"},\"wordCount\":756,\"commentCount\":0,\"image\":{\"@id\":\"https:\\\/\\\/vilniauspetropovilo.lt\\\/piligrimine-kelione-sicilija-2026\\\/#primaryimage\"},\"thumbnailUrl\":\"https:\\\/\\\/vilniauspetropovilo.lt\\\/wp-content\\\/uploads\\\/2025\\\/08\\\/syc12.png\",\"articleSection\":[\"Be kategorijos\",\"\"],\"inLanguage\":\"pl-PL\",\"potentialAction\":[{\"@type\":\"CommentAction\",\"name\":\"Comment\",\"target\":[\"https:\\\/\\\/vilniauspetropovilo.lt\\\/piligrimine-kelione-sicilija-2026\\\/#respond\"]}]},{\"@type\":\"WebPage\",\"@id\":\"https:\\\/\\\/vilniauspetropovilo.lt\\\/piligrimine-kelione-sicilija-2026\\\/\",\"url\":\"https:\\\/\\\/vilniauspetropovilo.lt\\\/piligrimine-kelione-sicilija-2026\\\/\",\"name\":\"Pielgrzymka na Sycyli\u0119 - 2026 r. - Vilniaus \u0160v. apa\u0161tal\u0173 Petro ir Povilo ba\u017eny\u010dia\",\"isPartOf\":{\"@id\":\"https:\\\/\\\/vilniauspetropovilo.lt\\\/#website\"},\"primaryImageOfPage\":{\"@id\":\"https:\\\/\\\/vilniauspetropovilo.lt\\\/piligrimine-kelione-sicilija-2026\\\/#primaryimage\"},\"image\":{\"@id\":\"https:\\\/\\\/vilniauspetropovilo.lt\\\/piligrimine-kelione-sicilija-2026\\\/#primaryimage\"},\"thumbnailUrl\":\"https:\\\/\\\/vilniauspetropovilo.lt\\\/wp-content\\\/uploads\\\/2025\\\/08\\\/syc12.png\",\"datePublished\":\"2025-09-01T09:08:01+00:00\",\"dateModified\":\"2025-09-04T19:05:36+00:00\",\"author\":{\"@id\":\"https:\\\/\\\/vilniauspetropovilo.lt\\\/#\\\/schema\\\/person\\\/6a83f0c29542565c8f6ffe96ec242930\"},\"breadcrumb\":{\"@id\":\"https:\\\/\\\/vilniauspetropovilo.lt\\\/piligrimine-kelione-sicilija-2026\\\/#breadcrumb\"},\"inLanguage\":\"pl-PL\",\"potentialAction\":[{\"@type\":\"ReadAction\",\"target\":[\"https:\\\/\\\/vilniauspetropovilo.lt\\\/piligrimine-kelione-sicilija-2026\\\/\"]}]},{\"@type\":\"ImageObject\",\"inLanguage\":\"pl-PL\",\"@id\":\"https:\\\/\\\/vilniauspetropovilo.lt\\\/piligrimine-kelione-sicilija-2026\\\/#primaryimage\",\"url\":\"https:\\\/\\\/vilniauspetropovilo.lt\\\/wp-content\\\/uploads\\\/2025\\\/08\\\/syc12.png\",\"contentUrl\":\"https:\\\/\\\/vilniauspetropovilo.lt\\\/wp-content\\\/uploads\\\/2025\\\/08\\\/syc12.png\",\"width\":1366,\"height\":768},{\"@type\":\"BreadcrumbList\",\"@id\":\"https:\\\/\\\/vilniauspetropovilo.lt\\\/piligrimine-kelione-sicilija-2026\\\/#breadcrumb\",\"itemListElement\":[{\"@type\":\"ListItem\",\"position\":1,\"name\":\"Home\",\"item\":\"https:\\\/\\\/vilniauspetropovilo.lt\\\/\"},{\"@type\":\"ListItem\",\"position\":2,\"name\":\"Piligrimin\u0117 kelion\u0117 \u012f Sicilij\u0105 &#8211; 2026\"}]},{\"@type\":\"WebSite\",\"@id\":\"https:\\\/\\\/vilniauspetropovilo.lt\\\/#website\",\"url\":\"https:\\\/\\\/vilniauspetropovilo.lt\\\/\",\"name\":\"Vilniaus \u0160v. apa\u0161tal\u0173 Petro ir Povilo ba\u017eny\u010dia\",\"description\":\"parafia pw. \u015awi\u0119tych Aposto\u0142\u00f3w Piotra i Paw\u0142a w Wilnie\",\"potentialAction\":[{\"@type\":\"SearchAction\",\"target\":{\"@type\":\"EntryPoint\",\"urlTemplate\":\"https:\\\/\\\/vilniauspetropovilo.lt\\\/?s={search_term_string}\"},\"query-input\":{\"@type\":\"PropertyValueSpecification\",\"valueRequired\":true,\"valueName\":\"search_term_string\"}}],\"inLanguage\":\"pl-PL\"},{\"@type\":\"Person\",\"@id\":\"https:\\\/\\\/vilniauspetropovilo.lt\\\/#\\\/schema\\\/person\\\/6a83f0c29542565c8f6ffe96ec242930\",\"name\":\"Marek Rusakevi\u010d\",\"image\":{\"@type\":\"ImageObject\",\"inLanguage\":\"pl-PL\",\"@id\":\"https:\\\/\\\/secure.gravatar.com\\\/avatar\\\/412b37316abc24b6069825e81c7b8dd02cc0c347d813c649e96fc7feb10746b4?s=96&d=mm&r=g\",\"url\":\"https:\\\/\\\/secure.gravatar.com\\\/avatar\\\/412b37316abc24b6069825e81c7b8dd02cc0c347d813c649e96fc7feb10746b4?s=96&d=mm&r=g\",\"contentUrl\":\"https:\\\/\\\/secure.gravatar.com\\\/avatar\\\/412b37316abc24b6069825e81c7b8dd02cc0c347d813c649e96fc7feb10746b4?s=96&d=mm&r=g\",\"caption\":\"Marek Rusakevi\u010d\"},\"url\":\"https:\\\/\\\/vilniauspetropovilo.lt\\\/pl\\\/author\\\/pp\\\/\"}]}<\/script>\n<!-- \/ Yoast SEO plugin. -->","yoast_head_json":{"title":"Pielgrzymka na Sycyli\u0119 - 2026 r. - Vilniaus \u0160v. apa\u0161tal\u0173 Petro ir Povilo ba\u017eny\u010dia","robots":{"index":"index","follow":"follow","max-snippet":"max-snippet:-1","max-image-preview":"max-image-preview:large","max-video-preview":"max-video-preview:-1"},"canonical":"https:\/\/vilniauspetropovilo.lt\/piligrimine-kelione-sicilija-2026\/","og_locale":"pl_PL","og_type":"article","og_title":"Pielgrzymka na Sycyli\u0119 - 2026 r. - Vilniaus \u0160v. apa\u0161tal\u0173 Petro ir Povilo ba\u017eny\u010dia","og_description":"PROGRAM \u2013 SYCYLIA TERMIN: 1 grupa &#8211; 23.05 &#8211; 30.05.2026 (brak wolnych miejsc) 2 grupa 30.05 &#8211; 06.06.2026 (brak wolnych miejsc) &nbsp; CENA 1250 Euro &nbsp; 1 dzie\u0144 zbi\u00f3rka na \u2026","og_url":"https:\/\/vilniauspetropovilo.lt\/piligrimine-kelione-sicilija-2026\/","og_site_name":"Vilniaus \u0160v. apa\u0161tal\u0173 Petro ir Povilo ba\u017eny\u010dia","article_published_time":"2025-09-01T09:08:01+00:00","article_modified_time":"2025-09-04T19:05:36+00:00","og_image":[{"width":1024,"height":576,"url":"https:\/\/vilniauspetropovilo.lt\/wp-content\/uploads\/2025\/08\/syc12-1024x576.png","type":"image\/png"}],"author":"Marek Rusakevi\u010d","twitter_card":"summary_large_image","twitter_misc":{"Napisane przez":"Marek Rusakevi\u010d","Szacowany czas czytania":"4 minuty"},"schema":{"@context":"https:\/\/schema.org","@graph":[{"@type":"Article","@id":"https:\/\/vilniauspetropovilo.lt\/piligrimine-kelione-sicilija-2026\/#article","isPartOf":{"@id":"https:\/\/vilniauspetropovilo.lt\/piligrimine-kelione-sicilija-2026\/"},"author":{"name":"Marek Rusakevi\u010d","@id":"https:\/\/vilniauspetropovilo.lt\/#\/schema\/person\/6a83f0c29542565c8f6ffe96ec242930"},"headline":"Pielgrzymka na Sycyli\u0119 &#8211; 2026 r.","datePublished":"2025-09-01T09:08:01+00:00","dateModified":"2025-09-04T19:05:36+00:00","mainEntityOfPage":{"@id":"https:\/\/vilniauspetropovilo.lt\/piligrimine-kelione-sicilija-2026\/"},"wordCount":756,"commentCount":0,"image":{"@id":"https:\/\/vilniauspetropovilo.lt\/piligrimine-kelione-sicilija-2026\/#primaryimage"},"thumbnailUrl":"https:\/\/vilniauspetropovilo.lt\/wp-content\/uploads\/2025\/08\/syc12.png","articleSection":["Be kategorijos",""],"inLanguage":"pl-PL","potentialAction":[{"@type":"CommentAction","name":"Comment","target":["https:\/\/vilniauspetropovilo.lt\/piligrimine-kelione-sicilija-2026\/#respond"]}]},{"@type":"WebPage","@id":"https:\/\/vilniauspetropovilo.lt\/piligrimine-kelione-sicilija-2026\/","url":"https:\/\/vilniauspetropovilo.lt\/piligrimine-kelione-sicilija-2026\/","name":"Pielgrzymka na Sycyli\u0119 - 2026 r. - Vilniaus \u0160v. apa\u0161tal\u0173 Petro ir Povilo ba\u017eny\u010dia","isPartOf":{"@id":"https:\/\/vilniauspetropovilo.lt\/#website"},"primaryImageOfPage":{"@id":"https:\/\/vilniauspetropovilo.lt\/piligrimine-kelione-sicilija-2026\/#primaryimage"},"image":{"@id":"https:\/\/vilniauspetropovilo.lt\/piligrimine-kelione-sicilija-2026\/#primaryimage"},"thumbnailUrl":"https:\/\/vilniauspetropovilo.lt\/wp-content\/uploads\/2025\/08\/syc12.png","datePublished":"2025-09-01T09:08:01+00:00","dateModified":"2025-09-04T19:05:36+00:00","author":{"@id":"https:\/\/vilniauspetropovilo.lt\/#\/schema\/person\/6a83f0c29542565c8f6ffe96ec242930"},"breadcrumb":{"@id":"https:\/\/vilniauspetropovilo.lt\/piligrimine-kelione-sicilija-2026\/#breadcrumb"},"inLanguage":"pl-PL","potentialAction":[{"@type":"ReadAction","target":["https:\/\/vilniauspetropovilo.lt\/piligrimine-kelione-sicilija-2026\/"]}]},{"@type":"ImageObject","inLanguage":"pl-PL","@id":"https:\/\/vilniauspetropovilo.lt\/piligrimine-kelione-sicilija-2026\/#primaryimage","url":"https:\/\/vilniauspetropovilo.lt\/wp-content\/uploads\/2025\/08\/syc12.png","contentUrl":"https:\/\/vilniauspetropovilo.lt\/wp-content\/uploads\/2025\/08\/syc12.png","width":1366,"height":768},{"@type":"BreadcrumbList","@id":"https:\/\/vilniauspetropovilo.lt\/piligrimine-kelione-sicilija-2026\/#breadcrumb","itemListElement":[{"@type":"ListItem","position":1,"name":"Home","item":"https:\/\/vilniauspetropovilo.lt\/"},{"@type":"ListItem","position":2,"name":"Piligrimin\u0117 kelion\u0117 \u012f Sicilij\u0105 &#8211; 2026"}]},{"@type":"WebSite","@id":"https:\/\/vilniauspetropovilo.lt\/#website","url":"https:\/\/vilniauspetropovilo.lt\/","name":"Vilniaus \u0160v. apa\u0161tal\u0173 Petro ir Povilo ba\u017eny\u010dia","description":"parafia pw. \u015awi\u0119tych Aposto\u0142\u00f3w Piotra i Paw\u0142a w Wilnie","potentialAction":[{"@type":"SearchAction","target":{"@type":"EntryPoint","urlTemplate":"https:\/\/vilniauspetropovilo.lt\/?s={search_term_string}"},"query-input":{"@type":"PropertyValueSpecification","valueRequired":true,"valueName":"search_term_string"}}],"inLanguage":"pl-PL"},{"@type":"Person","@id":"https:\/\/vilniauspetropovilo.lt\/#\/schema\/person\/6a83f0c29542565c8f6ffe96ec242930","name":"Marek Rusakevi\u010d","image":{"@type":"ImageObject","inLanguage":"pl-PL","@id":"https:\/\/secure.gravatar.com\/avatar\/412b37316abc24b6069825e81c7b8dd02cc0c347d813c649e96fc7feb10746b4?s=96&d=mm&r=g","url":"https:\/\/secure.gravatar.com\/avatar\/412b37316abc24b6069825e81c7b8dd02cc0c347d813c649e96fc7feb10746b4?s=96&d=mm&r=g","contentUrl":"https:\/\/secure.gravatar.com\/avatar\/412b37316abc24b6069825e81c7b8dd02cc0c347d813c649e96fc7feb10746b4?s=96&d=mm&r=g","caption":"Marek Rusakevi\u010d"},"url":"https:\/\/vilniauspetropovilo.lt\/pl\/author\/pp\/"}]}},"_links":{"self":[{"href":"https:\/\/vilniauspetropovilo.lt\/pl\/wp-json\/wp\/v2\/posts\/5934","targetHints":{"allow":["GET"]}}],"collection":[{"href":"https:\/\/vilniauspetropovilo.lt\/pl\/wp-json\/wp\/v2\/posts"}],"about":[{"href":"https:\/\/vilniauspetropovilo.lt\/pl\/wp-json\/wp\/v2\/types\/post"}],"author":[{"embeddable":true,"href":"https:\/\/vilniauspetropovilo.lt\/pl\/wp-json\/wp\/v2\/users\/2"}],"replies":[{"embeddable":true,"href":"https:\/\/vilniauspetropovilo.lt\/pl\/wp-json\/wp\/v2\/comments?post=5934"}],"version-history":[{"count":5,"href":"https:\/\/vilniauspetropovilo.lt\/pl\/wp-json\/wp\/v2\/posts\/5934\/revisions"}],"predecessor-version":[{"id":5941,"href":"https:\/\/vilniauspetropovilo.lt\/pl\/wp-json\/wp\/v2\/posts\/5934\/revisions\/5941"}],"wp:featuredmedia":[{"embeddable":true,"href":"https:\/\/vilniauspetropovilo.lt\/pl\/wp-json\/wp\/v2\/media\/5935"}],"wp:attachment":[{"href":"https:\/\/vilniauspetropovilo.lt\/pl\/wp-json\/wp\/v2\/media?parent=5934"}],"wp:term":[{"taxonomy":"category","embeddable":true,"href":"https:\/\/vilniauspetropovilo.lt\/pl\/wp-json\/wp\/v2\/categories?post=5934"},{"taxonomy":"post_tag","embeddable":true,"href":"https:\/\/vilniauspetropovilo.lt\/pl\/wp-json\/wp\/v2\/tags?post=5934"}],"curies":[{"name":"wp","href":"https:\/\/api.w.org\/{rel}","templated":true}]}}