{"id":5903,"date":"2025-09-02T16:28:41","date_gmt":"2025-09-02T14:28:41","guid":{"rendered":"https:\/\/vilniauspetropovilo.lt\/?p=5903"},"modified":"2025-09-04T21:08:49","modified_gmt":"2025-09-04T19:08:49","slug":"registracija-pirmajai-komunijai-2026","status":"publish","type":"post","link":"https:\/\/vilniauspetropovilo.lt\/pl\/registracija-pirmajai-komunijai-2026\/","title":{"rendered":"Zapisy dzieci do Pierwszej Komunii \u015aw. 2025\/2026"},"content":{"rendered":"<p><\/p>\n<h3><strong>Rejestracja do Pierwszej Komuni<\/strong><\/h3>\n<p><strong>do 30 wrze\u015bnia 2025 r.<\/strong> zapisujemy dzieci (od 3 klasy i starsze), kt\u00f3re w 2026 roku chcieliby przyst\u0105pi\u0107 do pierwszej Komunii \u015awi\u0119tej.<\/p>\n<p>Pocz\u0105tek spotka\u0144 z dzie\u0107mi \u2013 w drug\u0105 niedziel\u0119 pa\u017adziernika (12 pa\u017adziernika), na Mszy \u015bw. o 13.00 godz.<\/p>\n<p>Rodzice lub opiekunowie mog\u0105 zapisa\u0107 dzieci w zakrystii lub elektronicznie:<\/p>\n<ol>\n<li>Dla rejestracji prosimy o wype\u0142nienie ankiety elektronicznej: \u201e<a href=\"https:\/\/forms.gle\/BjmiauKVwWVbKHEYA\"><strong>REJESTRACJA DO PIERWSZEJ KOMUNII \u015aW. 2025\/2026 <\/strong><\/a>\u201d<\/li>\n<li>Po wype\u0142nieniu ankiety, prosimy tak\u017ce o wype\u0142nienie formularzu, kt\u00f3ry mo\u017cecie pobra\u0107 z podanego linku: <a href=\"https:\/\/vilniauspetropovilo.lt\/wp-content\/uploads\/2025\/08\/Pirmosios-komunijos-prasymas-2025.pdf\">&#8212;&gt;&gt;&gt; Pro\u015bba o przygotowanie dziecka do pierwszej Komunii \u015aw. &lt;&lt;&lt;&#8212;<\/a>\u00a0oddrukowa\u0107, wype\u0142ni\u0107 go i przynie\u015b\u0107 ze sob\u0105 na pierwsze spotkanie. Je\u015bli nie macie mo\u017cliwo\u015bci oddrukowania, to formularz ten mo\u017cna b\u0119dzie wype\u0142ni\u0107 w zakrystii na pierwszym spotkaniu.<\/li>\n<li>Razem z formularzem na pierwsze spotkanie prosimy przynie\u015b\u0107 kopi\u0119 metryki Chrztu dziecka.<\/li>\n<\/ol>\n<p>&nbsp;<\/p>\n<p>W razie pyta\u0144 prosimy o kontakt:<\/p>\n<ul>\n<li>telefonicznie: <a href=\"tel:+37065270638\">+370 652 70 638<\/a>\u00a0\u2013 Marek<\/li>\n<li>poprzez poczt\u0119 el.:\u00a0<a href=\"mailto:ppbaznycia@gmail.com\">ppbaznycia@gmail.com<\/a><\/li>\n<\/ul>\n<p><\/p>","protected":false},"excerpt":{"rendered":"<p>Rejestracja do Pierwszej Komuni do 30 wrze\u015bnia 2025 r. zapisujemy dzieci (od 3 klasy i starsze), kt\u00f3re w 2026 roku chcieliby przyst\u0105pi\u0107 do pierwszej Komunii \u015awi\u0119tej. Pocz\u0105tek spotka\u0144 z dzie\u0107mi \u2026<\/p>\n","protected":false},"author":2,"featured_media":3898,"comment_status":"open","ping_status":"open","sticky":false,"template":"","format":"standard","meta":{"footnotes":""},"categories":[1,3],"tags":[],"class_list":["post-5903","post","type-post","status-publish","format-standard","has-post-thumbnail","hentry","category-be-kategorijos","category-naujienos"],"yoast_head":"<!-- This site is optimized with the Yoast SEO plugin v27.3 - https:\/\/yoast.com\/product\/yoast-seo-wordpress\/ -->\n<title>Zapisy dzieci do Pierwszej Komunii \u015aw. 2025\/2026 - Vilniaus \u0160v. apa\u0161tal\u0173 Petro ir Povilo ba\u017eny\u010dia<\/title>\n<meta name=\"robots\" content=\"index, follow, max-snippet:-1, max-image-preview:large, max-video-preview:-1\" \/>\n<link rel=\"canonical\" href=\"https:\/\/vilniauspetropovilo.lt\/registracija-pirmajai-komunijai-2026\/\" \/>\n<meta property=\"og:locale\" content=\"pl_PL\" \/>\n<meta property=\"og:type\" content=\"article\" \/>\n<meta property=\"og:title\" content=\"Zapisy dzieci do Pierwszej Komunii \u015aw. 2025\/2026 - Vilniaus \u0160v. apa\u0161tal\u0173 Petro ir Povilo ba\u017eny\u010dia\" \/>\n<meta property=\"og:description\" content=\"Rejestracja do Pierwszej Komuni do 30 wrze\u015bnia 2025 r. zapisujemy dzieci (od 3 klasy i starsze), kt\u00f3re w 2026 roku chcieliby przyst\u0105pi\u0107 do pierwszej Komunii \u015awi\u0119tej. Pocz\u0105tek spotka\u0144 z dzie\u0107mi \u2026\" \/>\n<meta property=\"og:url\" content=\"https:\/\/vilniauspetropovilo.lt\/registracija-pirmajai-komunijai-2026\/\" \/>\n<meta property=\"og:site_name\" content=\"Vilniaus \u0160v. apa\u0161tal\u0173 Petro ir Povilo ba\u017eny\u010dia\" \/>\n<meta property=\"article:published_time\" content=\"2025-09-02T14:28:41+00:00\" \/>\n<meta property=\"article:modified_time\" content=\"2025-09-04T19:08:49+00:00\" \/>\n<meta property=\"og:image\" content=\"https:\/\/vilniauspetropovilo.lt\/wp-content\/uploads\/2021\/08\/pk2022.jpg\" \/>\n\t<meta property=\"og:image:width\" content=\"512\" \/>\n\t<meta property=\"og:image:height\" content=\"512\" \/>\n\t<meta property=\"og:image:type\" content=\"image\/jpeg\" \/>\n<meta name=\"author\" content=\"Marek Rusakevi\u010d\" \/>\n<meta name=\"twitter:card\" content=\"summary_large_image\" \/>\n<meta name=\"twitter:label1\" content=\"Napisane przez\" \/>\n\t<meta name=\"twitter:data1\" content=\"Marek Rusakevi\u010d\" \/>\n\t<meta name=\"twitter:label2\" content=\"Szacowany czas czytania\" \/>\n\t<meta name=\"twitter:data2\" content=\"1 minuta\" \/>\n<script type=\"application\/ld+json\" class=\"yoast-schema-graph\">{\"@context\":\"https:\\\/\\\/schema.org\",\"@graph\":[{\"@type\":\"Article\",\"@id\":\"https:\\\/\\\/vilniauspetropovilo.lt\\\/registracija-pirmajai-komunijai-2026\\\/#article\",\"isPartOf\":{\"@id\":\"https:\\\/\\\/vilniauspetropovilo.lt\\\/registracija-pirmajai-komunijai-2026\\\/\"},\"author\":{\"name\":\"Marek Rusakevi\u010d\",\"@id\":\"https:\\\/\\\/vilniauspetropovilo.lt\\\/#\\\/schema\\\/person\\\/6a83f0c29542565c8f6ffe96ec242930\"},\"headline\":\"Zapisy dzieci do Pierwszej Komunii \u015aw. 2025\\\/2026\",\"datePublished\":\"2025-09-02T14:28:41+00:00\",\"dateModified\":\"2025-09-04T19:08:49+00:00\",\"mainEntityOfPage\":{\"@id\":\"https:\\\/\\\/vilniauspetropovilo.lt\\\/registracija-pirmajai-komunijai-2026\\\/\"},\"wordCount\":344,\"commentCount\":0,\"image\":{\"@id\":\"https:\\\/\\\/vilniauspetropovilo.lt\\\/registracija-pirmajai-komunijai-2026\\\/#primaryimage\"},\"thumbnailUrl\":\"https:\\\/\\\/vilniauspetropovilo.lt\\\/wp-content\\\/uploads\\\/2021\\\/08\\\/pk2022.jpg\",\"articleSection\":[\"Be kategorijos\",\"\"],\"inLanguage\":\"pl-PL\",\"potentialAction\":[{\"@type\":\"CommentAction\",\"name\":\"Comment\",\"target\":[\"https:\\\/\\\/vilniauspetropovilo.lt\\\/registracija-pirmajai-komunijai-2026\\\/#respond\"]}]},{\"@type\":\"WebPage\",\"@id\":\"https:\\\/\\\/vilniauspetropovilo.lt\\\/registracija-pirmajai-komunijai-2026\\\/\",\"url\":\"https:\\\/\\\/vilniauspetropovilo.lt\\\/registracija-pirmajai-komunijai-2026\\\/\",\"name\":\"Zapisy dzieci do Pierwszej Komunii \u015aw. 2025\\\/2026 - Vilniaus \u0160v. apa\u0161tal\u0173 Petro ir Povilo ba\u017eny\u010dia\",\"isPartOf\":{\"@id\":\"https:\\\/\\\/vilniauspetropovilo.lt\\\/#website\"},\"primaryImageOfPage\":{\"@id\":\"https:\\\/\\\/vilniauspetropovilo.lt\\\/registracija-pirmajai-komunijai-2026\\\/#primaryimage\"},\"image\":{\"@id\":\"https:\\\/\\\/vilniauspetropovilo.lt\\\/registracija-pirmajai-komunijai-2026\\\/#primaryimage\"},\"thumbnailUrl\":\"https:\\\/\\\/vilniauspetropovilo.lt\\\/wp-content\\\/uploads\\\/2021\\\/08\\\/pk2022.jpg\",\"datePublished\":\"2025-09-02T14:28:41+00:00\",\"dateModified\":\"2025-09-04T19:08:49+00:00\",\"author\":{\"@id\":\"https:\\\/\\\/vilniauspetropovilo.lt\\\/#\\\/schema\\\/person\\\/6a83f0c29542565c8f6ffe96ec242930\"},\"breadcrumb\":{\"@id\":\"https:\\\/\\\/vilniauspetropovilo.lt\\\/registracija-pirmajai-komunijai-2026\\\/#breadcrumb\"},\"inLanguage\":\"pl-PL\",\"potentialAction\":[{\"@type\":\"ReadAction\",\"target\":[\"https:\\\/\\\/vilniauspetropovilo.lt\\\/registracija-pirmajai-komunijai-2026\\\/\"]}]},{\"@type\":\"ImageObject\",\"inLanguage\":\"pl-PL\",\"@id\":\"https:\\\/\\\/vilniauspetropovilo.lt\\\/registracija-pirmajai-komunijai-2026\\\/#primaryimage\",\"url\":\"https:\\\/\\\/vilniauspetropovilo.lt\\\/wp-content\\\/uploads\\\/2021\\\/08\\\/pk2022.jpg\",\"contentUrl\":\"https:\\\/\\\/vilniauspetropovilo.lt\\\/wp-content\\\/uploads\\\/2021\\\/08\\\/pk2022.jpg\",\"width\":512,\"height\":512},{\"@type\":\"BreadcrumbList\",\"@id\":\"https:\\\/\\\/vilniauspetropovilo.lt\\\/registracija-pirmajai-komunijai-2026\\\/#breadcrumb\",\"itemListElement\":[{\"@type\":\"ListItem\",\"position\":1,\"name\":\"Home\",\"item\":\"https:\\\/\\\/vilniauspetropovilo.lt\\\/\"},{\"@type\":\"ListItem\",\"position\":2,\"name\":\"Registracija Pirmajai Komunijai 2025\\\/2026 metams\"}]},{\"@type\":\"WebSite\",\"@id\":\"https:\\\/\\\/vilniauspetropovilo.lt\\\/#website\",\"url\":\"https:\\\/\\\/vilniauspetropovilo.lt\\\/\",\"name\":\"Vilniaus \u0160v. apa\u0161tal\u0173 Petro ir Povilo ba\u017eny\u010dia\",\"description\":\"parafia pw. \u015awi\u0119tych Aposto\u0142\u00f3w Piotra i Paw\u0142a w Wilnie\",\"potentialAction\":[{\"@type\":\"SearchAction\",\"target\":{\"@type\":\"EntryPoint\",\"urlTemplate\":\"https:\\\/\\\/vilniauspetropovilo.lt\\\/?s={search_term_string}\"},\"query-input\":{\"@type\":\"PropertyValueSpecification\",\"valueRequired\":true,\"valueName\":\"search_term_string\"}}],\"inLanguage\":\"pl-PL\"},{\"@type\":\"Person\",\"@id\":\"https:\\\/\\\/vilniauspetropovilo.lt\\\/#\\\/schema\\\/person\\\/6a83f0c29542565c8f6ffe96ec242930\",\"name\":\"Marek Rusakevi\u010d\",\"image\":{\"@type\":\"ImageObject\",\"inLanguage\":\"pl-PL\",\"@id\":\"https:\\\/\\\/secure.gravatar.com\\\/avatar\\\/412b37316abc24b6069825e81c7b8dd02cc0c347d813c649e96fc7feb10746b4?s=96&d=mm&r=g\",\"url\":\"https:\\\/\\\/secure.gravatar.com\\\/avatar\\\/412b37316abc24b6069825e81c7b8dd02cc0c347d813c649e96fc7feb10746b4?s=96&d=mm&r=g\",\"contentUrl\":\"https:\\\/\\\/secure.gravatar.com\\\/avatar\\\/412b37316abc24b6069825e81c7b8dd02cc0c347d813c649e96fc7feb10746b4?s=96&d=mm&r=g\",\"caption\":\"Marek Rusakevi\u010d\"},\"url\":\"https:\\\/\\\/vilniauspetropovilo.lt\\\/pl\\\/author\\\/pp\\\/\"}]}<\/script>\n<!-- \/ Yoast SEO plugin. -->","yoast_head_json":{"title":"Zapisy dzieci do Pierwszej Komunii \u015aw. 2025\/2026 - Vilniaus \u0160v. apa\u0161tal\u0173 Petro ir Povilo ba\u017eny\u010dia","robots":{"index":"index","follow":"follow","max-snippet":"max-snippet:-1","max-image-preview":"max-image-preview:large","max-video-preview":"max-video-preview:-1"},"canonical":"https:\/\/vilniauspetropovilo.lt\/registracija-pirmajai-komunijai-2026\/","og_locale":"pl_PL","og_type":"article","og_title":"Zapisy dzieci do Pierwszej Komunii \u015aw. 2025\/2026 - Vilniaus \u0160v. apa\u0161tal\u0173 Petro ir Povilo ba\u017eny\u010dia","og_description":"Rejestracja do Pierwszej Komuni do 30 wrze\u015bnia 2025 r. zapisujemy dzieci (od 3 klasy i starsze), kt\u00f3re w 2026 roku chcieliby przyst\u0105pi\u0107 do pierwszej Komunii \u015awi\u0119tej. Pocz\u0105tek spotka\u0144 z dzie\u0107mi \u2026","og_url":"https:\/\/vilniauspetropovilo.lt\/registracija-pirmajai-komunijai-2026\/","og_site_name":"Vilniaus \u0160v. apa\u0161tal\u0173 Petro ir Povilo ba\u017eny\u010dia","article_published_time":"2025-09-02T14:28:41+00:00","article_modified_time":"2025-09-04T19:08:49+00:00","og_image":[{"width":512,"height":512,"url":"https:\/\/vilniauspetropovilo.lt\/wp-content\/uploads\/2021\/08\/pk2022.jpg","type":"image\/jpeg"}],"author":"Marek Rusakevi\u010d","twitter_card":"summary_large_image","twitter_misc":{"Napisane przez":"Marek Rusakevi\u010d","Szacowany czas czytania":"1 minuta"},"schema":{"@context":"https:\/\/schema.org","@graph":[{"@type":"Article","@id":"https:\/\/vilniauspetropovilo.lt\/registracija-pirmajai-komunijai-2026\/#article","isPartOf":{"@id":"https:\/\/vilniauspetropovilo.lt\/registracija-pirmajai-komunijai-2026\/"},"author":{"name":"Marek Rusakevi\u010d","@id":"https:\/\/vilniauspetropovilo.lt\/#\/schema\/person\/6a83f0c29542565c8f6ffe96ec242930"},"headline":"Zapisy dzieci do Pierwszej Komunii \u015aw. 2025\/2026","datePublished":"2025-09-02T14:28:41+00:00","dateModified":"2025-09-04T19:08:49+00:00","mainEntityOfPage":{"@id":"https:\/\/vilniauspetropovilo.lt\/registracija-pirmajai-komunijai-2026\/"},"wordCount":344,"commentCount":0,"image":{"@id":"https:\/\/vilniauspetropovilo.lt\/registracija-pirmajai-komunijai-2026\/#primaryimage"},"thumbnailUrl":"https:\/\/vilniauspetropovilo.lt\/wp-content\/uploads\/2021\/08\/pk2022.jpg","articleSection":["Be kategorijos",""],"inLanguage":"pl-PL","potentialAction":[{"@type":"CommentAction","name":"Comment","target":["https:\/\/vilniauspetropovilo.lt\/registracija-pirmajai-komunijai-2026\/#respond"]}]},{"@type":"WebPage","@id":"https:\/\/vilniauspetropovilo.lt\/registracija-pirmajai-komunijai-2026\/","url":"https:\/\/vilniauspetropovilo.lt\/registracija-pirmajai-komunijai-2026\/","name":"Zapisy dzieci do Pierwszej Komunii \u015aw. 2025\/2026 - Vilniaus \u0160v. apa\u0161tal\u0173 Petro ir Povilo ba\u017eny\u010dia","isPartOf":{"@id":"https:\/\/vilniauspetropovilo.lt\/#website"},"primaryImageOfPage":{"@id":"https:\/\/vilniauspetropovilo.lt\/registracija-pirmajai-komunijai-2026\/#primaryimage"},"image":{"@id":"https:\/\/vilniauspetropovilo.lt\/registracija-pirmajai-komunijai-2026\/#primaryimage"},"thumbnailUrl":"https:\/\/vilniauspetropovilo.lt\/wp-content\/uploads\/2021\/08\/pk2022.jpg","datePublished":"2025-09-02T14:28:41+00:00","dateModified":"2025-09-04T19:08:49+00:00","author":{"@id":"https:\/\/vilniauspetropovilo.lt\/#\/schema\/person\/6a83f0c29542565c8f6ffe96ec242930"},"breadcrumb":{"@id":"https:\/\/vilniauspetropovilo.lt\/registracija-pirmajai-komunijai-2026\/#breadcrumb"},"inLanguage":"pl-PL","potentialAction":[{"@type":"ReadAction","target":["https:\/\/vilniauspetropovilo.lt\/registracija-pirmajai-komunijai-2026\/"]}]},{"@type":"ImageObject","inLanguage":"pl-PL","@id":"https:\/\/vilniauspetropovilo.lt\/registracija-pirmajai-komunijai-2026\/#primaryimage","url":"https:\/\/vilniauspetropovilo.lt\/wp-content\/uploads\/2021\/08\/pk2022.jpg","contentUrl":"https:\/\/vilniauspetropovilo.lt\/wp-content\/uploads\/2021\/08\/pk2022.jpg","width":512,"height":512},{"@type":"BreadcrumbList","@id":"https:\/\/vilniauspetropovilo.lt\/registracija-pirmajai-komunijai-2026\/#breadcrumb","itemListElement":[{"@type":"ListItem","position":1,"name":"Home","item":"https:\/\/vilniauspetropovilo.lt\/"},{"@type":"ListItem","position":2,"name":"Registracija Pirmajai Komunijai 2025\/2026 metams"}]},{"@type":"WebSite","@id":"https:\/\/vilniauspetropovilo.lt\/#website","url":"https:\/\/vilniauspetropovilo.lt\/","name":"Vilniaus \u0160v. apa\u0161tal\u0173 Petro ir Povilo ba\u017eny\u010dia","description":"parafia pw. \u015awi\u0119tych Aposto\u0142\u00f3w Piotra i Paw\u0142a w Wilnie","potentialAction":[{"@type":"SearchAction","target":{"@type":"EntryPoint","urlTemplate":"https:\/\/vilniauspetropovilo.lt\/?s={search_term_string}"},"query-input":{"@type":"PropertyValueSpecification","valueRequired":true,"valueName":"search_term_string"}}],"inLanguage":"pl-PL"},{"@type":"Person","@id":"https:\/\/vilniauspetropovilo.lt\/#\/schema\/person\/6a83f0c29542565c8f6ffe96ec242930","name":"Marek Rusakevi\u010d","image":{"@type":"ImageObject","inLanguage":"pl-PL","@id":"https:\/\/secure.gravatar.com\/avatar\/412b37316abc24b6069825e81c7b8dd02cc0c347d813c649e96fc7feb10746b4?s=96&d=mm&r=g","url":"https:\/\/secure.gravatar.com\/avatar\/412b37316abc24b6069825e81c7b8dd02cc0c347d813c649e96fc7feb10746b4?s=96&d=mm&r=g","contentUrl":"https:\/\/secure.gravatar.com\/avatar\/412b37316abc24b6069825e81c7b8dd02cc0c347d813c649e96fc7feb10746b4?s=96&d=mm&r=g","caption":"Marek Rusakevi\u010d"},"url":"https:\/\/vilniauspetropovilo.lt\/pl\/author\/pp\/"}]}},"_links":{"self":[{"href":"https:\/\/vilniauspetropovilo.lt\/pl\/wp-json\/wp\/v2\/posts\/5903","targetHints":{"allow":["GET"]}}],"collection":[{"href":"https:\/\/vilniauspetropovilo.lt\/pl\/wp-json\/wp\/v2\/posts"}],"about":[{"href":"https:\/\/vilniauspetropovilo.lt\/pl\/wp-json\/wp\/v2\/types\/post"}],"author":[{"embeddable":true,"href":"https:\/\/vilniauspetropovilo.lt\/pl\/wp-json\/wp\/v2\/users\/2"}],"replies":[{"embeddable":true,"href":"https:\/\/vilniauspetropovilo.lt\/pl\/wp-json\/wp\/v2\/comments?post=5903"}],"version-history":[{"count":3,"href":"https:\/\/vilniauspetropovilo.lt\/pl\/wp-json\/wp\/v2\/posts\/5903\/revisions"}],"predecessor-version":[{"id":5915,"href":"https:\/\/vilniauspetropovilo.lt\/pl\/wp-json\/wp\/v2\/posts\/5903\/revisions\/5915"}],"wp:featuredmedia":[{"embeddable":true,"href":"https:\/\/vilniauspetropovilo.lt\/pl\/wp-json\/wp\/v2\/media\/3898"}],"wp:attachment":[{"href":"https:\/\/vilniauspetropovilo.lt\/pl\/wp-json\/wp\/v2\/media?parent=5903"}],"wp:term":[{"taxonomy":"category","embeddable":true,"href":"https:\/\/vilniauspetropovilo.lt\/pl\/wp-json\/wp\/v2\/categories?post=5903"},{"taxonomy":"post_tag","embeddable":true,"href":"https:\/\/vilniauspetropovilo.lt\/pl\/wp-json\/wp\/v2\/tags?post=5903"}],"curies":[{"name":"wp","href":"https:\/\/api.w.org\/{rel}","templated":true}]}}