{"id":5478,"date":"2026-03-29T15:00:48","date_gmt":"2026-03-29T13:00:48","guid":{"rendered":"https:\/\/vilniauspetropovilo.lt\/?p=5478"},"modified":"2026-03-29T01:36:59","modified_gmt":"2026-03-28T23:36:59","slug":"triduum-2026","status":"publish","type":"post","link":"https:\/\/vilniauspetropovilo.lt\/pl\/triduum-2026\/","title":{"rendered":"Rozk\u0142ad nabo\u017ce\u0144stwa w Triduum Paschalne 2026"},"content":{"rendered":"<p><\/p>\n<h2><strong>ROZK\u0141AD NABO\u017bE\u0143STWA W TRIDUUM PASCHALNE<\/strong><\/h2>\n<p>&nbsp;<\/p>\n<p><strong>&#8211; WIELKI CZWARTEK &#8211;<\/strong><\/p>\n<p><em>Ko\u015bci\u00f3\u0142 b\u0119dzie otwarty od 8:00 godz.<\/em><\/p>\n<ul>\n<li><strong>17:00 w j\u0119z. polskim<\/strong><\/li>\n<li><strong>18:30 w j\u0119z. litewskim<\/strong><\/li>\n<\/ul>\n<p>&nbsp;<\/p>\n<p><strong>&#8211; WIELKI PI\u0104TEK &#8211;<\/strong><\/p>\n<p><em>Ko\u015bci\u00f3\u0142 b\u0119dzie otwarty od 8:00 godz.<\/em><\/p>\n<ul>\n<li><strong>17:00 w j\u0119z. polskim<\/strong><\/li>\n<li><strong>18:30 w j\u0119z. litewskim<\/strong><\/li>\n<\/ul>\n<p>&nbsp;<\/p>\n<p><strong>&#8211; WIELKA SOBOTA &#8211;<\/strong><\/p>\n<p><em>Ko\u015bci\u00f3\u0142 b\u0119dzie otwarty od 8:00 godz.<\/em><\/p>\n<ul style=\"list-style-type: square;\">\n<li><strong>Po\u015bwi\u0119cenie pokarm\u00f3w &#8211; od 9:00 do 16:30 godz. co 15-30 min.<\/strong><\/li>\n<\/ul>\n<ul>\n<li><strong>17:00 w j\u0119z. polskim<\/strong><\/li>\n<li><strong>19:00 w j\u0119z. litewskim<\/strong><\/li>\n<\/ul>\n<p><strong>\u00a0<\/strong><\/p>\n<ul style=\"list-style-type: square;\">\n<li><strong>Wod\u0119 \u015bwi\u0119con\u0105 mo\u017cna b\u0119dzie wzi\u0105\u0107 w ko\u015bciele od Wielkiego Czwartku.<\/strong><\/li>\n<\/ul>\n<p>&nbsp;<\/p>\n<p><strong>&#8211; ZMARTWYCHWSTANIE PA\u0143SKIE &#8211;<\/strong><\/p>\n<ul>\n<li><strong>9:00, 17:00 Msza \u015bw. w j\u0119z. polskim<\/strong><\/li>\n<li><strong>7:00, 18:00 Msza \u015bw. w j\u0119z. litewskim<\/strong><\/li>\n<\/ul>\n<p><em>od 11:00 do 16:30 godz. ko\u015bci\u00f3\u0142 b\u0119dzie zamkni\u0119ty.<\/em><\/p>\n<p>&nbsp;<\/p>\n<p><strong>&#8211; DRUGI DZIE\u0143 \u015aWI\u0104T WIELKANOCNYCH &#8211;<\/strong><\/p>\n<ul>\n<li><strong>8:30, 13:00, 17:00 Msza \u015bw. w j\u0119z. polskim<\/strong><\/li>\n<li><strong>7:30, 10:00, 11:30, 18:00 Msza \u015bw. w j\u0119z. litewskim<\/strong><\/li>\n<\/ul>\n<p>&nbsp;<\/p>\n<p>Msze \u015bw. i nabo\u017ce\u0144stwa z naszego ko\u015bcio\u0142a s\u0105 transmitowane na naszej stronie \u2013 <a href=\"https:\/\/vilniauspetropovilo.lt\/transliacija-gyvai\/\"><strong>TRANSMISJA NA \u017bYWO<\/strong><\/a><\/p>\n<p><\/p>","protected":false},"excerpt":{"rendered":"<p>ROZK\u0141AD NABO\u017bE\u0143STWA W TRIDUUM PASCHALNE &nbsp; &#8211; WIELKI CZWARTEK &#8211; Ko\u015bci\u00f3\u0142 b\u0119dzie otwarty od 8:00 godz. 17:00 w j\u0119z. polskim 18:30 w j\u0119z. litewskim &nbsp; &#8211; WIELKI PI\u0104TEK &#8211; Ko\u015bci\u00f3\u0142 \u2026<\/p>\n","protected":false},"author":2,"featured_media":5283,"comment_status":"open","ping_status":"open","sticky":false,"template":"","format":"standard","meta":{"footnotes":""},"categories":[3],"tags":[],"class_list":["post-5478","post","type-post","status-publish","format-standard","has-post-thumbnail","hentry","category-naujienos"],"yoast_head":"<!-- This site is optimized with the Yoast SEO plugin v27.3 - https:\/\/yoast.com\/product\/yoast-seo-wordpress\/ -->\n<title>Rozk\u0142ad nabo\u017ce\u0144stwa w Triduum Paschalne 2026 - Vilniaus \u0160v. apa\u0161tal\u0173 Petro ir Povilo ba\u017eny\u010dia<\/title>\n<meta name=\"robots\" content=\"index, follow, max-snippet:-1, max-image-preview:large, max-video-preview:-1\" \/>\n<link rel=\"canonical\" href=\"https:\/\/vilniauspetropovilo.lt\/triduum-2026\/\" \/>\n<meta property=\"og:locale\" content=\"pl_PL\" \/>\n<meta property=\"og:type\" content=\"article\" \/>\n<meta property=\"og:title\" content=\"Rozk\u0142ad nabo\u017ce\u0144stwa w Triduum Paschalne 2026 - Vilniaus \u0160v. apa\u0161tal\u0173 Petro ir Povilo ba\u017eny\u010dia\" \/>\n<meta property=\"og:description\" content=\"ROZK\u0141AD NABO\u017bE\u0143STWA W TRIDUUM PASCHALNE &nbsp; &#8211; WIELKI CZWARTEK &#8211; Ko\u015bci\u00f3\u0142 b\u0119dzie otwarty od 8:00 godz. 17:00 w j\u0119z. polskim 18:30 w j\u0119z. litewskim &nbsp; &#8211; WIELKI PI\u0104TEK &#8211; Ko\u015bci\u00f3\u0142 \u2026\" \/>\n<meta property=\"og:url\" content=\"https:\/\/vilniauspetropovilo.lt\/triduum-2026\/\" \/>\n<meta property=\"og:site_name\" content=\"Vilniaus \u0160v. apa\u0161tal\u0173 Petro ir Povilo ba\u017eny\u010dia\" \/>\n<meta property=\"article:published_time\" content=\"2026-03-29T13:00:48+00:00\" \/>\n<meta property=\"og:image\" content=\"https:\/\/vilniauspetropovilo.lt\/wp-content\/uploads\/2024\/03\/f70f4625-f1a2-41c6-943b-c79786cd9046.jpeg\" \/>\n\t<meta property=\"og:image:width\" content=\"1024\" \/>\n\t<meta property=\"og:image:height\" content=\"1024\" \/>\n\t<meta property=\"og:image:type\" content=\"image\/jpeg\" \/>\n<meta name=\"author\" content=\"Marek Rusakevi\u010d\" \/>\n<meta name=\"twitter:card\" content=\"summary_large_image\" \/>\n<meta name=\"twitter:label1\" content=\"Napisane przez\" \/>\n\t<meta name=\"twitter:data1\" content=\"Marek Rusakevi\u010d\" \/>\n\t<meta name=\"twitter:label2\" content=\"Szacowany czas czytania\" \/>\n\t<meta name=\"twitter:data2\" content=\"1 minuta\" \/>\n<script type=\"application\/ld+json\" class=\"yoast-schema-graph\">{\"@context\":\"https:\\\/\\\/schema.org\",\"@graph\":[{\"@type\":\"Article\",\"@id\":\"https:\\\/\\\/vilniauspetropovilo.lt\\\/triduum-2026\\\/#article\",\"isPartOf\":{\"@id\":\"https:\\\/\\\/vilniauspetropovilo.lt\\\/triduum-2026\\\/\"},\"author\":{\"name\":\"Marek Rusakevi\u010d\",\"@id\":\"https:\\\/\\\/vilniauspetropovilo.lt\\\/#\\\/schema\\\/person\\\/6a83f0c29542565c8f6ffe96ec242930\"},\"headline\":\"Rozk\u0142ad nabo\u017ce\u0144stwa w Triduum Paschalne 2026\",\"datePublished\":\"2026-03-29T13:00:48+00:00\",\"mainEntityOfPage\":{\"@id\":\"https:\\\/\\\/vilniauspetropovilo.lt\\\/triduum-2026\\\/\"},\"wordCount\":310,\"commentCount\":0,\"image\":{\"@id\":\"https:\\\/\\\/vilniauspetropovilo.lt\\\/triduum-2026\\\/#primaryimage\"},\"thumbnailUrl\":\"https:\\\/\\\/vilniauspetropovilo.lt\\\/wp-content\\\/uploads\\\/2024\\\/03\\\/f70f4625-f1a2-41c6-943b-c79786cd9046.jpeg\",\"articleSection\":[\"\"],\"inLanguage\":\"pl-PL\",\"potentialAction\":[{\"@type\":\"CommentAction\",\"name\":\"Comment\",\"target\":[\"https:\\\/\\\/vilniauspetropovilo.lt\\\/triduum-2026\\\/#respond\"]}]},{\"@type\":\"WebPage\",\"@id\":\"https:\\\/\\\/vilniauspetropovilo.lt\\\/triduum-2026\\\/\",\"url\":\"https:\\\/\\\/vilniauspetropovilo.lt\\\/triduum-2026\\\/\",\"name\":\"Rozk\u0142ad nabo\u017ce\u0144stwa w Triduum Paschalne 2026 - Vilniaus \u0160v. apa\u0161tal\u0173 Petro ir Povilo ba\u017eny\u010dia\",\"isPartOf\":{\"@id\":\"https:\\\/\\\/vilniauspetropovilo.lt\\\/#website\"},\"primaryImageOfPage\":{\"@id\":\"https:\\\/\\\/vilniauspetropovilo.lt\\\/triduum-2026\\\/#primaryimage\"},\"image\":{\"@id\":\"https:\\\/\\\/vilniauspetropovilo.lt\\\/triduum-2026\\\/#primaryimage\"},\"thumbnailUrl\":\"https:\\\/\\\/vilniauspetropovilo.lt\\\/wp-content\\\/uploads\\\/2024\\\/03\\\/f70f4625-f1a2-41c6-943b-c79786cd9046.jpeg\",\"datePublished\":\"2026-03-29T13:00:48+00:00\",\"author\":{\"@id\":\"https:\\\/\\\/vilniauspetropovilo.lt\\\/#\\\/schema\\\/person\\\/6a83f0c29542565c8f6ffe96ec242930\"},\"breadcrumb\":{\"@id\":\"https:\\\/\\\/vilniauspetropovilo.lt\\\/triduum-2026\\\/#breadcrumb\"},\"inLanguage\":\"pl-PL\",\"potentialAction\":[{\"@type\":\"ReadAction\",\"target\":[\"https:\\\/\\\/vilniauspetropovilo.lt\\\/triduum-2026\\\/\"]}]},{\"@type\":\"ImageObject\",\"inLanguage\":\"pl-PL\",\"@id\":\"https:\\\/\\\/vilniauspetropovilo.lt\\\/triduum-2026\\\/#primaryimage\",\"url\":\"https:\\\/\\\/vilniauspetropovilo.lt\\\/wp-content\\\/uploads\\\/2024\\\/03\\\/f70f4625-f1a2-41c6-943b-c79786cd9046.jpeg\",\"contentUrl\":\"https:\\\/\\\/vilniauspetropovilo.lt\\\/wp-content\\\/uploads\\\/2024\\\/03\\\/f70f4625-f1a2-41c6-943b-c79786cd9046.jpeg\",\"width\":1024,\"height\":1024},{\"@type\":\"BreadcrumbList\",\"@id\":\"https:\\\/\\\/vilniauspetropovilo.lt\\\/triduum-2026\\\/#breadcrumb\",\"itemListElement\":[{\"@type\":\"ListItem\",\"position\":1,\"name\":\"Home\",\"item\":\"https:\\\/\\\/vilniauspetropovilo.lt\\\/\"},{\"@type\":\"ListItem\",\"position\":2,\"name\":\"Did\u017eiojo Tridienio ir \u0160v. Velyk\u0173 pamald\u0173 tvarka 2026\"}]},{\"@type\":\"WebSite\",\"@id\":\"https:\\\/\\\/vilniauspetropovilo.lt\\\/#website\",\"url\":\"https:\\\/\\\/vilniauspetropovilo.lt\\\/\",\"name\":\"Vilniaus \u0160v. apa\u0161tal\u0173 Petro ir Povilo ba\u017eny\u010dia\",\"description\":\"parafia pw. \u015awi\u0119tych Aposto\u0142\u00f3w Piotra i Paw\u0142a w Wilnie\",\"potentialAction\":[{\"@type\":\"SearchAction\",\"target\":{\"@type\":\"EntryPoint\",\"urlTemplate\":\"https:\\\/\\\/vilniauspetropovilo.lt\\\/?s={search_term_string}\"},\"query-input\":{\"@type\":\"PropertyValueSpecification\",\"valueRequired\":true,\"valueName\":\"search_term_string\"}}],\"inLanguage\":\"pl-PL\"},{\"@type\":\"Person\",\"@id\":\"https:\\\/\\\/vilniauspetropovilo.lt\\\/#\\\/schema\\\/person\\\/6a83f0c29542565c8f6ffe96ec242930\",\"name\":\"Marek Rusakevi\u010d\",\"image\":{\"@type\":\"ImageObject\",\"inLanguage\":\"pl-PL\",\"@id\":\"https:\\\/\\\/secure.gravatar.com\\\/avatar\\\/412b37316abc24b6069825e81c7b8dd02cc0c347d813c649e96fc7feb10746b4?s=96&d=mm&r=g\",\"url\":\"https:\\\/\\\/secure.gravatar.com\\\/avatar\\\/412b37316abc24b6069825e81c7b8dd02cc0c347d813c649e96fc7feb10746b4?s=96&d=mm&r=g\",\"contentUrl\":\"https:\\\/\\\/secure.gravatar.com\\\/avatar\\\/412b37316abc24b6069825e81c7b8dd02cc0c347d813c649e96fc7feb10746b4?s=96&d=mm&r=g\",\"caption\":\"Marek Rusakevi\u010d\"},\"url\":\"https:\\\/\\\/vilniauspetropovilo.lt\\\/pl\\\/author\\\/pp\\\/\"}]}<\/script>\n<!-- \/ Yoast SEO plugin. -->","yoast_head_json":{"title":"Rozk\u0142ad nabo\u017ce\u0144stwa w Triduum Paschalne 2026 - Vilniaus \u0160v. apa\u0161tal\u0173 Petro ir Povilo ba\u017eny\u010dia","robots":{"index":"index","follow":"follow","max-snippet":"max-snippet:-1","max-image-preview":"max-image-preview:large","max-video-preview":"max-video-preview:-1"},"canonical":"https:\/\/vilniauspetropovilo.lt\/triduum-2026\/","og_locale":"pl_PL","og_type":"article","og_title":"Rozk\u0142ad nabo\u017ce\u0144stwa w Triduum Paschalne 2026 - Vilniaus \u0160v. apa\u0161tal\u0173 Petro ir Povilo ba\u017eny\u010dia","og_description":"ROZK\u0141AD NABO\u017bE\u0143STWA W TRIDUUM PASCHALNE &nbsp; &#8211; WIELKI CZWARTEK &#8211; Ko\u015bci\u00f3\u0142 b\u0119dzie otwarty od 8:00 godz. 17:00 w j\u0119z. polskim 18:30 w j\u0119z. litewskim &nbsp; &#8211; WIELKI PI\u0104TEK &#8211; Ko\u015bci\u00f3\u0142 \u2026","og_url":"https:\/\/vilniauspetropovilo.lt\/triduum-2026\/","og_site_name":"Vilniaus \u0160v. apa\u0161tal\u0173 Petro ir Povilo ba\u017eny\u010dia","article_published_time":"2026-03-29T13:00:48+00:00","og_image":[{"width":1024,"height":1024,"url":"https:\/\/vilniauspetropovilo.lt\/wp-content\/uploads\/2024\/03\/f70f4625-f1a2-41c6-943b-c79786cd9046.jpeg","type":"image\/jpeg"}],"author":"Marek Rusakevi\u010d","twitter_card":"summary_large_image","twitter_misc":{"Napisane przez":"Marek Rusakevi\u010d","Szacowany czas czytania":"1 minuta"},"schema":{"@context":"https:\/\/schema.org","@graph":[{"@type":"Article","@id":"https:\/\/vilniauspetropovilo.lt\/triduum-2026\/#article","isPartOf":{"@id":"https:\/\/vilniauspetropovilo.lt\/triduum-2026\/"},"author":{"name":"Marek Rusakevi\u010d","@id":"https:\/\/vilniauspetropovilo.lt\/#\/schema\/person\/6a83f0c29542565c8f6ffe96ec242930"},"headline":"Rozk\u0142ad nabo\u017ce\u0144stwa w Triduum Paschalne 2026","datePublished":"2026-03-29T13:00:48+00:00","mainEntityOfPage":{"@id":"https:\/\/vilniauspetropovilo.lt\/triduum-2026\/"},"wordCount":310,"commentCount":0,"image":{"@id":"https:\/\/vilniauspetropovilo.lt\/triduum-2026\/#primaryimage"},"thumbnailUrl":"https:\/\/vilniauspetropovilo.lt\/wp-content\/uploads\/2024\/03\/f70f4625-f1a2-41c6-943b-c79786cd9046.jpeg","articleSection":[""],"inLanguage":"pl-PL","potentialAction":[{"@type":"CommentAction","name":"Comment","target":["https:\/\/vilniauspetropovilo.lt\/triduum-2026\/#respond"]}]},{"@type":"WebPage","@id":"https:\/\/vilniauspetropovilo.lt\/triduum-2026\/","url":"https:\/\/vilniauspetropovilo.lt\/triduum-2026\/","name":"Rozk\u0142ad nabo\u017ce\u0144stwa w Triduum Paschalne 2026 - Vilniaus \u0160v. apa\u0161tal\u0173 Petro ir Povilo ba\u017eny\u010dia","isPartOf":{"@id":"https:\/\/vilniauspetropovilo.lt\/#website"},"primaryImageOfPage":{"@id":"https:\/\/vilniauspetropovilo.lt\/triduum-2026\/#primaryimage"},"image":{"@id":"https:\/\/vilniauspetropovilo.lt\/triduum-2026\/#primaryimage"},"thumbnailUrl":"https:\/\/vilniauspetropovilo.lt\/wp-content\/uploads\/2024\/03\/f70f4625-f1a2-41c6-943b-c79786cd9046.jpeg","datePublished":"2026-03-29T13:00:48+00:00","author":{"@id":"https:\/\/vilniauspetropovilo.lt\/#\/schema\/person\/6a83f0c29542565c8f6ffe96ec242930"},"breadcrumb":{"@id":"https:\/\/vilniauspetropovilo.lt\/triduum-2026\/#breadcrumb"},"inLanguage":"pl-PL","potentialAction":[{"@type":"ReadAction","target":["https:\/\/vilniauspetropovilo.lt\/triduum-2026\/"]}]},{"@type":"ImageObject","inLanguage":"pl-PL","@id":"https:\/\/vilniauspetropovilo.lt\/triduum-2026\/#primaryimage","url":"https:\/\/vilniauspetropovilo.lt\/wp-content\/uploads\/2024\/03\/f70f4625-f1a2-41c6-943b-c79786cd9046.jpeg","contentUrl":"https:\/\/vilniauspetropovilo.lt\/wp-content\/uploads\/2024\/03\/f70f4625-f1a2-41c6-943b-c79786cd9046.jpeg","width":1024,"height":1024},{"@type":"BreadcrumbList","@id":"https:\/\/vilniauspetropovilo.lt\/triduum-2026\/#breadcrumb","itemListElement":[{"@type":"ListItem","position":1,"name":"Home","item":"https:\/\/vilniauspetropovilo.lt\/"},{"@type":"ListItem","position":2,"name":"Did\u017eiojo Tridienio ir \u0160v. Velyk\u0173 pamald\u0173 tvarka 2026"}]},{"@type":"WebSite","@id":"https:\/\/vilniauspetropovilo.lt\/#website","url":"https:\/\/vilniauspetropovilo.lt\/","name":"Vilniaus \u0160v. apa\u0161tal\u0173 Petro ir Povilo ba\u017eny\u010dia","description":"parafia pw. \u015awi\u0119tych Aposto\u0142\u00f3w Piotra i Paw\u0142a w Wilnie","potentialAction":[{"@type":"SearchAction","target":{"@type":"EntryPoint","urlTemplate":"https:\/\/vilniauspetropovilo.lt\/?s={search_term_string}"},"query-input":{"@type":"PropertyValueSpecification","valueRequired":true,"valueName":"search_term_string"}}],"inLanguage":"pl-PL"},{"@type":"Person","@id":"https:\/\/vilniauspetropovilo.lt\/#\/schema\/person\/6a83f0c29542565c8f6ffe96ec242930","name":"Marek Rusakevi\u010d","image":{"@type":"ImageObject","inLanguage":"pl-PL","@id":"https:\/\/secure.gravatar.com\/avatar\/412b37316abc24b6069825e81c7b8dd02cc0c347d813c649e96fc7feb10746b4?s=96&d=mm&r=g","url":"https:\/\/secure.gravatar.com\/avatar\/412b37316abc24b6069825e81c7b8dd02cc0c347d813c649e96fc7feb10746b4?s=96&d=mm&r=g","contentUrl":"https:\/\/secure.gravatar.com\/avatar\/412b37316abc24b6069825e81c7b8dd02cc0c347d813c649e96fc7feb10746b4?s=96&d=mm&r=g","caption":"Marek Rusakevi\u010d"},"url":"https:\/\/vilniauspetropovilo.lt\/pl\/author\/pp\/"}]}},"_links":{"self":[{"href":"https:\/\/vilniauspetropovilo.lt\/pl\/wp-json\/wp\/v2\/posts\/5478","targetHints":{"allow":["GET"]}}],"collection":[{"href":"https:\/\/vilniauspetropovilo.lt\/pl\/wp-json\/wp\/v2\/posts"}],"about":[{"href":"https:\/\/vilniauspetropovilo.lt\/pl\/wp-json\/wp\/v2\/types\/post"}],"author":[{"embeddable":true,"href":"https:\/\/vilniauspetropovilo.lt\/pl\/wp-json\/wp\/v2\/users\/2"}],"replies":[{"embeddable":true,"href":"https:\/\/vilniauspetropovilo.lt\/pl\/wp-json\/wp\/v2\/comments?post=5478"}],"version-history":[{"count":9,"href":"https:\/\/vilniauspetropovilo.lt\/pl\/wp-json\/wp\/v2\/posts\/5478\/revisions"}],"predecessor-version":[{"id":6419,"href":"https:\/\/vilniauspetropovilo.lt\/pl\/wp-json\/wp\/v2\/posts\/5478\/revisions\/6419"}],"wp:featuredmedia":[{"embeddable":true,"href":"https:\/\/vilniauspetropovilo.lt\/pl\/wp-json\/wp\/v2\/media\/5283"}],"wp:attachment":[{"href":"https:\/\/vilniauspetropovilo.lt\/pl\/wp-json\/wp\/v2\/media?parent=5478"}],"wp:term":[{"taxonomy":"category","embeddable":true,"href":"https:\/\/vilniauspetropovilo.lt\/pl\/wp-json\/wp\/v2\/categories?post=5478"},{"taxonomy":"post_tag","embeddable":true,"href":"https:\/\/vilniauspetropovilo.lt\/pl\/wp-json\/wp\/v2\/tags?post=5478"}],"curies":[{"name":"wp","href":"https:\/\/api.w.org\/{rel}","templated":true}]}}