{"id":5070,"date":"2023-07-10T01:17:49","date_gmt":"2023-07-09T23:17:49","guid":{"rendered":"https:\/\/vilniauspetropovilo.lt\/?p=5070"},"modified":"2023-07-10T01:17:49","modified_gmt":"2023-07-09T23:17:49","slug":"sv-kristoforo-minejimas-2023","status":"publish","type":"post","link":"https:\/\/vilniauspetropovilo.lt\/pl\/sv-kristoforo-minejimas-2023\/","title":{"rendered":"Wspomnienie \u015aw. Krzysztofa i b\u0142ogos\u0142awie\u0144stwo pojazd\u00f3w"},"content":{"rendered":"<p><\/p>\n<p style=\"text-align: left;\">23 lipca z okazji wspomnienia <strong>\u015bw. Krzysztofa \u2013 patrona kierowc\u00f3w &#8211;<\/strong> po ka\u017cdej Mszy \u015bw. b\u0119dziemy b\u0142ogos\u0142awi\u0107 wszystkie pojazdy i modli\u0107 si\u0119 za kierowc\u00f3w.<\/p>\n<p style=\"text-align: left;\"><strong>Samochody b\u0119dziemy b\u0142ogos\u0142awi\u0107:<\/strong><\/p>\n<ul style=\"text-align: left;\">\n<li><strong>przy wewn\u0119trznym parkingu przy ul. M. K. Paco 4<\/strong><\/li>\n<li><strong>wzd\u0142u\u017c ul. M. K. Paco przy wyje\u017adzie na ul. Oland\u0173<\/strong><\/li>\n<li><strong>na g\u0142\u00f3wnym parkingu przy ko\u015bciele<\/strong><\/li>\n<li><strong>na parkingu wewn\u0119trznym przy ul. Antakalnio 3<\/strong><\/li>\n<\/ul>\n<p><\/p>","protected":false},"excerpt":{"rendered":"<p>23 lipca z okazji wspomnienia \u015bw. Krzysztofa \u2013 patrona kierowc\u00f3w &#8211; po ka\u017cdej Mszy \u015bw. b\u0119dziemy b\u0142ogos\u0142awi\u0107 wszystkie pojazdy i modli\u0107 si\u0119 za kierowc\u00f3w. Samochody b\u0119dziemy b\u0142ogos\u0142awi\u0107: przy wewn\u0119trznym parkingu \u2026<\/p>\n","protected":false},"author":2,"featured_media":3092,"comment_status":"open","ping_status":"open","sticky":false,"template":"","format":"standard","meta":{"footnotes":""},"categories":[1,3],"tags":[],"class_list":["post-5070","post","type-post","status-publish","format-standard","has-post-thumbnail","hentry","category-be-kategorijos","category-naujienos"],"yoast_head":"<!-- This site is optimized with the Yoast SEO plugin v27.3 - https:\/\/yoast.com\/product\/yoast-seo-wordpress\/ -->\n<title>Wspomnienie \u015aw. Krzysztofa i b\u0142ogos\u0142awie\u0144stwo pojazd\u00f3w - Vilniaus \u0160v. apa\u0161tal\u0173 Petro ir Povilo ba\u017eny\u010dia<\/title>\n<meta name=\"robots\" content=\"index, follow, max-snippet:-1, max-image-preview:large, max-video-preview:-1\" \/>\n<link rel=\"canonical\" href=\"https:\/\/vilniauspetropovilo.lt\/sv-kristoforo-minejimas-2023\/\" \/>\n<meta property=\"og:locale\" content=\"pl_PL\" \/>\n<meta property=\"og:type\" content=\"article\" \/>\n<meta property=\"og:title\" content=\"Wspomnienie \u015aw. Krzysztofa i b\u0142ogos\u0142awie\u0144stwo pojazd\u00f3w - Vilniaus \u0160v. apa\u0161tal\u0173 Petro ir Povilo ba\u017eny\u010dia\" \/>\n<meta property=\"og:description\" content=\"23 lipca z okazji wspomnienia \u015bw. Krzysztofa \u2013 patrona kierowc\u00f3w &#8211; po ka\u017cdej Mszy \u015bw. b\u0119dziemy b\u0142ogos\u0142awi\u0107 wszystkie pojazdy i modli\u0107 si\u0119 za kierowc\u00f3w. Samochody b\u0119dziemy b\u0142ogos\u0142awi\u0107: przy wewn\u0119trznym parkingu \u2026\" \/>\n<meta property=\"og:url\" content=\"https:\/\/vilniauspetropovilo.lt\/sv-kristoforo-minejimas-2023\/\" \/>\n<meta property=\"og:site_name\" content=\"Vilniaus \u0160v. apa\u0161tal\u0173 Petro ir Povilo ba\u017eny\u010dia\" \/>\n<meta property=\"article:published_time\" content=\"2023-07-09T23:17:49+00:00\" \/>\n<meta property=\"og:image\" content=\"https:\/\/vilniauspetropovilo.lt\/wp-content\/uploads\/2020\/07\/2-3.jpg\" \/>\n\t<meta property=\"og:image:width\" content=\"1710\" \/>\n\t<meta property=\"og:image:height\" content=\"1745\" \/>\n\t<meta property=\"og:image:type\" content=\"image\/jpeg\" \/>\n<meta name=\"author\" content=\"Marek Rusakevi\u010d\" \/>\n<meta name=\"twitter:card\" content=\"summary_large_image\" \/>\n<meta name=\"twitter:label1\" content=\"Napisane przez\" \/>\n\t<meta name=\"twitter:data1\" content=\"Marek Rusakevi\u010d\" \/>\n\t<meta name=\"twitter:label2\" content=\"Szacowany czas czytania\" \/>\n\t<meta name=\"twitter:data2\" content=\"1 minuta\" \/>\n<script type=\"application\/ld+json\" class=\"yoast-schema-graph\">{\"@context\":\"https:\\\/\\\/schema.org\",\"@graph\":[{\"@type\":\"Article\",\"@id\":\"https:\\\/\\\/vilniauspetropovilo.lt\\\/sv-kristoforo-minejimas-2023\\\/#article\",\"isPartOf\":{\"@id\":\"https:\\\/\\\/vilniauspetropovilo.lt\\\/sv-kristoforo-minejimas-2023\\\/\"},\"author\":{\"name\":\"Marek Rusakevi\u010d\",\"@id\":\"https:\\\/\\\/vilniauspetropovilo.lt\\\/#\\\/schema\\\/person\\\/6a83f0c29542565c8f6ffe96ec242930\"},\"headline\":\"Wspomnienie \u015aw. Krzysztofa i b\u0142ogos\u0142awie\u0144stwo pojazd\u00f3w\",\"datePublished\":\"2023-07-09T23:17:49+00:00\",\"mainEntityOfPage\":{\"@id\":\"https:\\\/\\\/vilniauspetropovilo.lt\\\/sv-kristoforo-minejimas-2023\\\/\"},\"wordCount\":153,\"commentCount\":0,\"image\":{\"@id\":\"https:\\\/\\\/vilniauspetropovilo.lt\\\/sv-kristoforo-minejimas-2023\\\/#primaryimage\"},\"thumbnailUrl\":\"https:\\\/\\\/vilniauspetropovilo.lt\\\/wp-content\\\/uploads\\\/2020\\\/07\\\/2-3.jpg\",\"articleSection\":[\"Be kategorijos\",\"\"],\"inLanguage\":\"pl-PL\",\"potentialAction\":[{\"@type\":\"CommentAction\",\"name\":\"Comment\",\"target\":[\"https:\\\/\\\/vilniauspetropovilo.lt\\\/sv-kristoforo-minejimas-2023\\\/#respond\"]}]},{\"@type\":\"WebPage\",\"@id\":\"https:\\\/\\\/vilniauspetropovilo.lt\\\/sv-kristoforo-minejimas-2023\\\/\",\"url\":\"https:\\\/\\\/vilniauspetropovilo.lt\\\/sv-kristoforo-minejimas-2023\\\/\",\"name\":\"Wspomnienie \u015aw. Krzysztofa i b\u0142ogos\u0142awie\u0144stwo pojazd\u00f3w - Vilniaus \u0160v. apa\u0161tal\u0173 Petro ir Povilo ba\u017eny\u010dia\",\"isPartOf\":{\"@id\":\"https:\\\/\\\/vilniauspetropovilo.lt\\\/#website\"},\"primaryImageOfPage\":{\"@id\":\"https:\\\/\\\/vilniauspetropovilo.lt\\\/sv-kristoforo-minejimas-2023\\\/#primaryimage\"},\"image\":{\"@id\":\"https:\\\/\\\/vilniauspetropovilo.lt\\\/sv-kristoforo-minejimas-2023\\\/#primaryimage\"},\"thumbnailUrl\":\"https:\\\/\\\/vilniauspetropovilo.lt\\\/wp-content\\\/uploads\\\/2020\\\/07\\\/2-3.jpg\",\"datePublished\":\"2023-07-09T23:17:49+00:00\",\"author\":{\"@id\":\"https:\\\/\\\/vilniauspetropovilo.lt\\\/#\\\/schema\\\/person\\\/6a83f0c29542565c8f6ffe96ec242930\"},\"breadcrumb\":{\"@id\":\"https:\\\/\\\/vilniauspetropovilo.lt\\\/sv-kristoforo-minejimas-2023\\\/#breadcrumb\"},\"inLanguage\":\"pl-PL\",\"potentialAction\":[{\"@type\":\"ReadAction\",\"target\":[\"https:\\\/\\\/vilniauspetropovilo.lt\\\/sv-kristoforo-minejimas-2023\\\/\"]}]},{\"@type\":\"ImageObject\",\"inLanguage\":\"pl-PL\",\"@id\":\"https:\\\/\\\/vilniauspetropovilo.lt\\\/sv-kristoforo-minejimas-2023\\\/#primaryimage\",\"url\":\"https:\\\/\\\/vilniauspetropovilo.lt\\\/wp-content\\\/uploads\\\/2020\\\/07\\\/2-3.jpg\",\"contentUrl\":\"https:\\\/\\\/vilniauspetropovilo.lt\\\/wp-content\\\/uploads\\\/2020\\\/07\\\/2-3.jpg\",\"width\":1710,\"height\":1745,\"caption\":\"qrf\"},{\"@type\":\"BreadcrumbList\",\"@id\":\"https:\\\/\\\/vilniauspetropovilo.lt\\\/sv-kristoforo-minejimas-2023\\\/#breadcrumb\",\"itemListElement\":[{\"@type\":\"ListItem\",\"position\":1,\"name\":\"Home\",\"item\":\"https:\\\/\\\/vilniauspetropovilo.lt\\\/\"},{\"@type\":\"ListItem\",\"position\":2,\"name\":\"\u0160v. Kristoforo min\u0117jimas ir automobili\u0173 laiminimas\"}]},{\"@type\":\"WebSite\",\"@id\":\"https:\\\/\\\/vilniauspetropovilo.lt\\\/#website\",\"url\":\"https:\\\/\\\/vilniauspetropovilo.lt\\\/\",\"name\":\"Vilniaus \u0160v. apa\u0161tal\u0173 Petro ir Povilo ba\u017eny\u010dia\",\"description\":\"parafia pw. \u015awi\u0119tych Aposto\u0142\u00f3w Piotra i Paw\u0142a w Wilnie\",\"potentialAction\":[{\"@type\":\"SearchAction\",\"target\":{\"@type\":\"EntryPoint\",\"urlTemplate\":\"https:\\\/\\\/vilniauspetropovilo.lt\\\/?s={search_term_string}\"},\"query-input\":{\"@type\":\"PropertyValueSpecification\",\"valueRequired\":true,\"valueName\":\"search_term_string\"}}],\"inLanguage\":\"pl-PL\"},{\"@type\":\"Person\",\"@id\":\"https:\\\/\\\/vilniauspetropovilo.lt\\\/#\\\/schema\\\/person\\\/6a83f0c29542565c8f6ffe96ec242930\",\"name\":\"Marek Rusakevi\u010d\",\"image\":{\"@type\":\"ImageObject\",\"inLanguage\":\"pl-PL\",\"@id\":\"https:\\\/\\\/secure.gravatar.com\\\/avatar\\\/412b37316abc24b6069825e81c7b8dd02cc0c347d813c649e96fc7feb10746b4?s=96&d=mm&r=g\",\"url\":\"https:\\\/\\\/secure.gravatar.com\\\/avatar\\\/412b37316abc24b6069825e81c7b8dd02cc0c347d813c649e96fc7feb10746b4?s=96&d=mm&r=g\",\"contentUrl\":\"https:\\\/\\\/secure.gravatar.com\\\/avatar\\\/412b37316abc24b6069825e81c7b8dd02cc0c347d813c649e96fc7feb10746b4?s=96&d=mm&r=g\",\"caption\":\"Marek Rusakevi\u010d\"},\"url\":\"https:\\\/\\\/vilniauspetropovilo.lt\\\/pl\\\/author\\\/pp\\\/\"}]}<\/script>\n<!-- \/ Yoast SEO plugin. -->","yoast_head_json":{"title":"Wspomnienie \u015aw. Krzysztofa i b\u0142ogos\u0142awie\u0144stwo pojazd\u00f3w - Vilniaus \u0160v. apa\u0161tal\u0173 Petro ir Povilo ba\u017eny\u010dia","robots":{"index":"index","follow":"follow","max-snippet":"max-snippet:-1","max-image-preview":"max-image-preview:large","max-video-preview":"max-video-preview:-1"},"canonical":"https:\/\/vilniauspetropovilo.lt\/sv-kristoforo-minejimas-2023\/","og_locale":"pl_PL","og_type":"article","og_title":"Wspomnienie \u015aw. Krzysztofa i b\u0142ogos\u0142awie\u0144stwo pojazd\u00f3w - Vilniaus \u0160v. apa\u0161tal\u0173 Petro ir Povilo ba\u017eny\u010dia","og_description":"23 lipca z okazji wspomnienia \u015bw. Krzysztofa \u2013 patrona kierowc\u00f3w &#8211; po ka\u017cdej Mszy \u015bw. b\u0119dziemy b\u0142ogos\u0142awi\u0107 wszystkie pojazdy i modli\u0107 si\u0119 za kierowc\u00f3w. Samochody b\u0119dziemy b\u0142ogos\u0142awi\u0107: przy wewn\u0119trznym parkingu \u2026","og_url":"https:\/\/vilniauspetropovilo.lt\/sv-kristoforo-minejimas-2023\/","og_site_name":"Vilniaus \u0160v. apa\u0161tal\u0173 Petro ir Povilo ba\u017eny\u010dia","article_published_time":"2023-07-09T23:17:49+00:00","og_image":[{"width":1710,"height":1745,"url":"https:\/\/vilniauspetropovilo.lt\/wp-content\/uploads\/2020\/07\/2-3.jpg","type":"image\/jpeg"}],"author":"Marek Rusakevi\u010d","twitter_card":"summary_large_image","twitter_misc":{"Napisane przez":"Marek Rusakevi\u010d","Szacowany czas czytania":"1 minuta"},"schema":{"@context":"https:\/\/schema.org","@graph":[{"@type":"Article","@id":"https:\/\/vilniauspetropovilo.lt\/sv-kristoforo-minejimas-2023\/#article","isPartOf":{"@id":"https:\/\/vilniauspetropovilo.lt\/sv-kristoforo-minejimas-2023\/"},"author":{"name":"Marek Rusakevi\u010d","@id":"https:\/\/vilniauspetropovilo.lt\/#\/schema\/person\/6a83f0c29542565c8f6ffe96ec242930"},"headline":"Wspomnienie \u015aw. Krzysztofa i b\u0142ogos\u0142awie\u0144stwo pojazd\u00f3w","datePublished":"2023-07-09T23:17:49+00:00","mainEntityOfPage":{"@id":"https:\/\/vilniauspetropovilo.lt\/sv-kristoforo-minejimas-2023\/"},"wordCount":153,"commentCount":0,"image":{"@id":"https:\/\/vilniauspetropovilo.lt\/sv-kristoforo-minejimas-2023\/#primaryimage"},"thumbnailUrl":"https:\/\/vilniauspetropovilo.lt\/wp-content\/uploads\/2020\/07\/2-3.jpg","articleSection":["Be kategorijos",""],"inLanguage":"pl-PL","potentialAction":[{"@type":"CommentAction","name":"Comment","target":["https:\/\/vilniauspetropovilo.lt\/sv-kristoforo-minejimas-2023\/#respond"]}]},{"@type":"WebPage","@id":"https:\/\/vilniauspetropovilo.lt\/sv-kristoforo-minejimas-2023\/","url":"https:\/\/vilniauspetropovilo.lt\/sv-kristoforo-minejimas-2023\/","name":"Wspomnienie \u015aw. Krzysztofa i b\u0142ogos\u0142awie\u0144stwo pojazd\u00f3w - Vilniaus \u0160v. apa\u0161tal\u0173 Petro ir Povilo ba\u017eny\u010dia","isPartOf":{"@id":"https:\/\/vilniauspetropovilo.lt\/#website"},"primaryImageOfPage":{"@id":"https:\/\/vilniauspetropovilo.lt\/sv-kristoforo-minejimas-2023\/#primaryimage"},"image":{"@id":"https:\/\/vilniauspetropovilo.lt\/sv-kristoforo-minejimas-2023\/#primaryimage"},"thumbnailUrl":"https:\/\/vilniauspetropovilo.lt\/wp-content\/uploads\/2020\/07\/2-3.jpg","datePublished":"2023-07-09T23:17:49+00:00","author":{"@id":"https:\/\/vilniauspetropovilo.lt\/#\/schema\/person\/6a83f0c29542565c8f6ffe96ec242930"},"breadcrumb":{"@id":"https:\/\/vilniauspetropovilo.lt\/sv-kristoforo-minejimas-2023\/#breadcrumb"},"inLanguage":"pl-PL","potentialAction":[{"@type":"ReadAction","target":["https:\/\/vilniauspetropovilo.lt\/sv-kristoforo-minejimas-2023\/"]}]},{"@type":"ImageObject","inLanguage":"pl-PL","@id":"https:\/\/vilniauspetropovilo.lt\/sv-kristoforo-minejimas-2023\/#primaryimage","url":"https:\/\/vilniauspetropovilo.lt\/wp-content\/uploads\/2020\/07\/2-3.jpg","contentUrl":"https:\/\/vilniauspetropovilo.lt\/wp-content\/uploads\/2020\/07\/2-3.jpg","width":1710,"height":1745,"caption":"qrf"},{"@type":"BreadcrumbList","@id":"https:\/\/vilniauspetropovilo.lt\/sv-kristoforo-minejimas-2023\/#breadcrumb","itemListElement":[{"@type":"ListItem","position":1,"name":"Home","item":"https:\/\/vilniauspetropovilo.lt\/"},{"@type":"ListItem","position":2,"name":"\u0160v. Kristoforo min\u0117jimas ir automobili\u0173 laiminimas"}]},{"@type":"WebSite","@id":"https:\/\/vilniauspetropovilo.lt\/#website","url":"https:\/\/vilniauspetropovilo.lt\/","name":"Vilniaus \u0160v. apa\u0161tal\u0173 Petro ir Povilo ba\u017eny\u010dia","description":"parafia pw. \u015awi\u0119tych Aposto\u0142\u00f3w Piotra i Paw\u0142a w Wilnie","potentialAction":[{"@type":"SearchAction","target":{"@type":"EntryPoint","urlTemplate":"https:\/\/vilniauspetropovilo.lt\/?s={search_term_string}"},"query-input":{"@type":"PropertyValueSpecification","valueRequired":true,"valueName":"search_term_string"}}],"inLanguage":"pl-PL"},{"@type":"Person","@id":"https:\/\/vilniauspetropovilo.lt\/#\/schema\/person\/6a83f0c29542565c8f6ffe96ec242930","name":"Marek Rusakevi\u010d","image":{"@type":"ImageObject","inLanguage":"pl-PL","@id":"https:\/\/secure.gravatar.com\/avatar\/412b37316abc24b6069825e81c7b8dd02cc0c347d813c649e96fc7feb10746b4?s=96&d=mm&r=g","url":"https:\/\/secure.gravatar.com\/avatar\/412b37316abc24b6069825e81c7b8dd02cc0c347d813c649e96fc7feb10746b4?s=96&d=mm&r=g","contentUrl":"https:\/\/secure.gravatar.com\/avatar\/412b37316abc24b6069825e81c7b8dd02cc0c347d813c649e96fc7feb10746b4?s=96&d=mm&r=g","caption":"Marek Rusakevi\u010d"},"url":"https:\/\/vilniauspetropovilo.lt\/pl\/author\/pp\/"}]}},"_links":{"self":[{"href":"https:\/\/vilniauspetropovilo.lt\/pl\/wp-json\/wp\/v2\/posts\/5070","targetHints":{"allow":["GET"]}}],"collection":[{"href":"https:\/\/vilniauspetropovilo.lt\/pl\/wp-json\/wp\/v2\/posts"}],"about":[{"href":"https:\/\/vilniauspetropovilo.lt\/pl\/wp-json\/wp\/v2\/types\/post"}],"author":[{"embeddable":true,"href":"https:\/\/vilniauspetropovilo.lt\/pl\/wp-json\/wp\/v2\/users\/2"}],"replies":[{"embeddable":true,"href":"https:\/\/vilniauspetropovilo.lt\/pl\/wp-json\/wp\/v2\/comments?post=5070"}],"version-history":[{"count":2,"href":"https:\/\/vilniauspetropovilo.lt\/pl\/wp-json\/wp\/v2\/posts\/5070\/revisions"}],"predecessor-version":[{"id":5075,"href":"https:\/\/vilniauspetropovilo.lt\/pl\/wp-json\/wp\/v2\/posts\/5070\/revisions\/5075"}],"wp:featuredmedia":[{"embeddable":true,"href":"https:\/\/vilniauspetropovilo.lt\/pl\/wp-json\/wp\/v2\/media\/3092"}],"wp:attachment":[{"href":"https:\/\/vilniauspetropovilo.lt\/pl\/wp-json\/wp\/v2\/media?parent=5070"}],"wp:term":[{"taxonomy":"category","embeddable":true,"href":"https:\/\/vilniauspetropovilo.lt\/pl\/wp-json\/wp\/v2\/categories?post=5070"},{"taxonomy":"post_tag","embeddable":true,"href":"https:\/\/vilniauspetropovilo.lt\/pl\/wp-json\/wp\/v2\/tags?post=5070"}],"curies":[{"name":"wp","href":"https:\/\/api.w.org\/{rel}","templated":true}]}}