{"id":3240,"date":"2020-09-28T18:49:08","date_gmt":"2020-09-28T15:49:08","guid":{"rendered":"https:\/\/vilniauspetropovilo.lt\/?p=3240"},"modified":"2020-11-30T18:40:12","modified_gmt":"2020-11-30T15:40:12","slug":"kvieciame-i-rozinio-pamaldas","status":"publish","type":"post","link":"https:\/\/vilniauspetropovilo.lt\/pl\/kvieciame-i-rozinio-pamaldas\/","title":{"rendered":"Zapraszamy na\u00a0nabo\u017ce\u0144stwo r\u00f3\u017ca\u0144cowe"},"content":{"rendered":"<p><\/p>\n<p>* Od 1 pa\u017adziernika zapraszamy na n<strong>abo\u017ce\u0144stwo r\u00f3\u017ca\u0144cowe<\/strong>:<\/p>\n<p><strong>w dni powszednie<\/strong>\u00a0<\/p>\n<ul>\n<li>w j\u0119z. polskim o 16.30 godz.,<\/li>\n<li>w j\u0119z. litewskim o 17.30 godz.<\/li>\n<\/ul>\n<p><strong>w niedziel\u0119<\/strong>\u00a0<\/p>\n<ul>\n<li>w j\u0119z. polskim o 12.30 godz,<\/li>\n<li>w j\u0119z. litewskim o 9.30 godz.<\/li>\n<\/ul>\n<p><\/p>","protected":false},"excerpt":{"rendered":"<p>* Od 1 pa\u017adziernika zapraszamy na nabo\u017ce\u0144stwo r\u00f3\u017ca\u0144cowe: w dni powszednie\u00a0 w j\u0119z. polskim o 16.30 godz., w j\u0119z. litewskim o 17.30 godz. w niedziel\u0119\u00a0 w j\u0119z. polskim o 12.30 \u2026<\/p>\n","protected":false},"author":2,"featured_media":3239,"comment_status":"open","ping_status":"open","sticky":false,"template":"","format":"standard","meta":{"footnotes":""},"categories":[1,3],"tags":[],"class_list":["post-3240","post","type-post","status-publish","format-standard","has-post-thumbnail","hentry","category-be-kategorijos","category-naujienos"],"yoast_head":"<!-- This site is optimized with the Yoast SEO plugin v27.3 - https:\/\/yoast.com\/product\/yoast-seo-wordpress\/ -->\n<title>Zapraszamy na\u00a0nabo\u017ce\u0144stwo r\u00f3\u017ca\u0144cowe - Vilniaus \u0160v. apa\u0161tal\u0173 Petro ir Povilo ba\u017eny\u010dia<\/title>\n<meta name=\"robots\" content=\"index, follow, max-snippet:-1, max-image-preview:large, max-video-preview:-1\" \/>\n<link rel=\"canonical\" href=\"https:\/\/vilniauspetropovilo.lt\/kvieciame-i-rozinio-pamaldas\/\" \/>\n<meta property=\"og:locale\" content=\"pl_PL\" \/>\n<meta property=\"og:type\" content=\"article\" \/>\n<meta property=\"og:title\" content=\"Zapraszamy na\u00a0nabo\u017ce\u0144stwo r\u00f3\u017ca\u0144cowe - Vilniaus \u0160v. apa\u0161tal\u0173 Petro ir Povilo ba\u017eny\u010dia\" \/>\n<meta property=\"og:description\" content=\"* Od 1 pa\u017adziernika zapraszamy na nabo\u017ce\u0144stwo r\u00f3\u017ca\u0144cowe: w dni powszednie\u00a0 w j\u0119z. polskim o 16.30 godz., w j\u0119z. litewskim o 17.30 godz. w niedziel\u0119\u00a0 w j\u0119z. polskim o 12.30 \u2026\" \/>\n<meta property=\"og:url\" content=\"https:\/\/vilniauspetropovilo.lt\/kvieciame-i-rozinio-pamaldas\/\" \/>\n<meta property=\"og:site_name\" content=\"Vilniaus \u0160v. apa\u0161tal\u0173 Petro ir Povilo ba\u017eny\u010dia\" \/>\n<meta property=\"article:published_time\" content=\"2020-09-28T15:49:08+00:00\" \/>\n<meta property=\"article:modified_time\" content=\"2020-11-30T15:40:12+00:00\" \/>\n<meta property=\"og:image\" content=\"https:\/\/vilniauspetropovilo.lt\/wp-content\/uploads\/2020\/09\/roz.jpg\" \/>\n\t<meta property=\"og:image:width\" content=\"240\" \/>\n\t<meta property=\"og:image:height\" content=\"300\" \/>\n\t<meta property=\"og:image:type\" content=\"image\/jpeg\" \/>\n<meta name=\"author\" content=\"Marek Rusakevi\u010d\" \/>\n<meta name=\"twitter:card\" content=\"summary_large_image\" \/>\n<meta name=\"twitter:label1\" content=\"Napisane przez\" \/>\n\t<meta name=\"twitter:data1\" content=\"Marek Rusakevi\u010d\" \/>\n<script type=\"application\/ld+json\" class=\"yoast-schema-graph\">{\"@context\":\"https:\\\/\\\/schema.org\",\"@graph\":[{\"@type\":\"Article\",\"@id\":\"https:\\\/\\\/vilniauspetropovilo.lt\\\/kvieciame-i-rozinio-pamaldas\\\/#article\",\"isPartOf\":{\"@id\":\"https:\\\/\\\/vilniauspetropovilo.lt\\\/kvieciame-i-rozinio-pamaldas\\\/\"},\"author\":{\"name\":\"Marek Rusakevi\u010d\",\"@id\":\"https:\\\/\\\/vilniauspetropovilo.lt\\\/#\\\/schema\\\/person\\\/6a83f0c29542565c8f6ffe96ec242930\"},\"headline\":\"Zapraszamy na\u00a0nabo\u017ce\u0144stwo r\u00f3\u017ca\u0144cowe\",\"datePublished\":\"2020-09-28T15:49:08+00:00\",\"dateModified\":\"2020-11-30T15:40:12+00:00\",\"mainEntityOfPage\":{\"@id\":\"https:\\\/\\\/vilniauspetropovilo.lt\\\/kvieciame-i-rozinio-pamaldas\\\/\"},\"wordCount\":93,\"commentCount\":0,\"image\":{\"@id\":\"https:\\\/\\\/vilniauspetropovilo.lt\\\/kvieciame-i-rozinio-pamaldas\\\/#primaryimage\"},\"thumbnailUrl\":\"https:\\\/\\\/vilniauspetropovilo.lt\\\/wp-content\\\/uploads\\\/2020\\\/09\\\/roz.jpg\",\"articleSection\":[\"Be kategorijos\",\"\"],\"inLanguage\":\"pl-PL\",\"potentialAction\":[{\"@type\":\"CommentAction\",\"name\":\"Comment\",\"target\":[\"https:\\\/\\\/vilniauspetropovilo.lt\\\/kvieciame-i-rozinio-pamaldas\\\/#respond\"]}]},{\"@type\":\"WebPage\",\"@id\":\"https:\\\/\\\/vilniauspetropovilo.lt\\\/kvieciame-i-rozinio-pamaldas\\\/\",\"url\":\"https:\\\/\\\/vilniauspetropovilo.lt\\\/kvieciame-i-rozinio-pamaldas\\\/\",\"name\":\"Zapraszamy na\u00a0nabo\u017ce\u0144stwo r\u00f3\u017ca\u0144cowe - Vilniaus \u0160v. apa\u0161tal\u0173 Petro ir Povilo ba\u017eny\u010dia\",\"isPartOf\":{\"@id\":\"https:\\\/\\\/vilniauspetropovilo.lt\\\/#website\"},\"primaryImageOfPage\":{\"@id\":\"https:\\\/\\\/vilniauspetropovilo.lt\\\/kvieciame-i-rozinio-pamaldas\\\/#primaryimage\"},\"image\":{\"@id\":\"https:\\\/\\\/vilniauspetropovilo.lt\\\/kvieciame-i-rozinio-pamaldas\\\/#primaryimage\"},\"thumbnailUrl\":\"https:\\\/\\\/vilniauspetropovilo.lt\\\/wp-content\\\/uploads\\\/2020\\\/09\\\/roz.jpg\",\"datePublished\":\"2020-09-28T15:49:08+00:00\",\"dateModified\":\"2020-11-30T15:40:12+00:00\",\"author\":{\"@id\":\"https:\\\/\\\/vilniauspetropovilo.lt\\\/#\\\/schema\\\/person\\\/6a83f0c29542565c8f6ffe96ec242930\"},\"breadcrumb\":{\"@id\":\"https:\\\/\\\/vilniauspetropovilo.lt\\\/kvieciame-i-rozinio-pamaldas\\\/#breadcrumb\"},\"inLanguage\":\"pl-PL\",\"potentialAction\":[{\"@type\":\"ReadAction\",\"target\":[\"https:\\\/\\\/vilniauspetropovilo.lt\\\/kvieciame-i-rozinio-pamaldas\\\/\"]}]},{\"@type\":\"ImageObject\",\"inLanguage\":\"pl-PL\",\"@id\":\"https:\\\/\\\/vilniauspetropovilo.lt\\\/kvieciame-i-rozinio-pamaldas\\\/#primaryimage\",\"url\":\"https:\\\/\\\/vilniauspetropovilo.lt\\\/wp-content\\\/uploads\\\/2020\\\/09\\\/roz.jpg\",\"contentUrl\":\"https:\\\/\\\/vilniauspetropovilo.lt\\\/wp-content\\\/uploads\\\/2020\\\/09\\\/roz.jpg\",\"width\":240,\"height\":300},{\"@type\":\"BreadcrumbList\",\"@id\":\"https:\\\/\\\/vilniauspetropovilo.lt\\\/kvieciame-i-rozinio-pamaldas\\\/#breadcrumb\",\"itemListElement\":[{\"@type\":\"ListItem\",\"position\":1,\"name\":\"Home\",\"item\":\"https:\\\/\\\/vilniauspetropovilo.lt\\\/\"},{\"@type\":\"ListItem\",\"position\":2,\"name\":\"Kvie\u010diame \u012f Ro\u017einio pamaldas\"}]},{\"@type\":\"WebSite\",\"@id\":\"https:\\\/\\\/vilniauspetropovilo.lt\\\/#website\",\"url\":\"https:\\\/\\\/vilniauspetropovilo.lt\\\/\",\"name\":\"Vilniaus \u0160v. apa\u0161tal\u0173 Petro ir Povilo ba\u017eny\u010dia\",\"description\":\"parafia pw. \u015awi\u0119tych Aposto\u0142\u00f3w Piotra i Paw\u0142a w Wilnie\",\"potentialAction\":[{\"@type\":\"SearchAction\",\"target\":{\"@type\":\"EntryPoint\",\"urlTemplate\":\"https:\\\/\\\/vilniauspetropovilo.lt\\\/?s={search_term_string}\"},\"query-input\":{\"@type\":\"PropertyValueSpecification\",\"valueRequired\":true,\"valueName\":\"search_term_string\"}}],\"inLanguage\":\"pl-PL\"},{\"@type\":\"Person\",\"@id\":\"https:\\\/\\\/vilniauspetropovilo.lt\\\/#\\\/schema\\\/person\\\/6a83f0c29542565c8f6ffe96ec242930\",\"name\":\"Marek Rusakevi\u010d\",\"image\":{\"@type\":\"ImageObject\",\"inLanguage\":\"pl-PL\",\"@id\":\"https:\\\/\\\/secure.gravatar.com\\\/avatar\\\/412b37316abc24b6069825e81c7b8dd02cc0c347d813c649e96fc7feb10746b4?s=96&d=mm&r=g\",\"url\":\"https:\\\/\\\/secure.gravatar.com\\\/avatar\\\/412b37316abc24b6069825e81c7b8dd02cc0c347d813c649e96fc7feb10746b4?s=96&d=mm&r=g\",\"contentUrl\":\"https:\\\/\\\/secure.gravatar.com\\\/avatar\\\/412b37316abc24b6069825e81c7b8dd02cc0c347d813c649e96fc7feb10746b4?s=96&d=mm&r=g\",\"caption\":\"Marek Rusakevi\u010d\"},\"url\":\"https:\\\/\\\/vilniauspetropovilo.lt\\\/pl\\\/author\\\/pp\\\/\"}]}<\/script>\n<!-- \/ Yoast SEO plugin. -->","yoast_head_json":{"title":"Zapraszamy na\u00a0nabo\u017ce\u0144stwo r\u00f3\u017ca\u0144cowe - Vilniaus \u0160v. apa\u0161tal\u0173 Petro ir Povilo ba\u017eny\u010dia","robots":{"index":"index","follow":"follow","max-snippet":"max-snippet:-1","max-image-preview":"max-image-preview:large","max-video-preview":"max-video-preview:-1"},"canonical":"https:\/\/vilniauspetropovilo.lt\/kvieciame-i-rozinio-pamaldas\/","og_locale":"pl_PL","og_type":"article","og_title":"Zapraszamy na\u00a0nabo\u017ce\u0144stwo r\u00f3\u017ca\u0144cowe - Vilniaus \u0160v. apa\u0161tal\u0173 Petro ir Povilo ba\u017eny\u010dia","og_description":"* Od 1 pa\u017adziernika zapraszamy na nabo\u017ce\u0144stwo r\u00f3\u017ca\u0144cowe: w dni powszednie\u00a0 w j\u0119z. polskim o 16.30 godz., w j\u0119z. litewskim o 17.30 godz. w niedziel\u0119\u00a0 w j\u0119z. polskim o 12.30 \u2026","og_url":"https:\/\/vilniauspetropovilo.lt\/kvieciame-i-rozinio-pamaldas\/","og_site_name":"Vilniaus \u0160v. apa\u0161tal\u0173 Petro ir Povilo ba\u017eny\u010dia","article_published_time":"2020-09-28T15:49:08+00:00","article_modified_time":"2020-11-30T15:40:12+00:00","og_image":[{"width":240,"height":300,"url":"https:\/\/vilniauspetropovilo.lt\/wp-content\/uploads\/2020\/09\/roz.jpg","type":"image\/jpeg"}],"author":"Marek Rusakevi\u010d","twitter_card":"summary_large_image","twitter_misc":{"Napisane przez":"Marek Rusakevi\u010d"},"schema":{"@context":"https:\/\/schema.org","@graph":[{"@type":"Article","@id":"https:\/\/vilniauspetropovilo.lt\/kvieciame-i-rozinio-pamaldas\/#article","isPartOf":{"@id":"https:\/\/vilniauspetropovilo.lt\/kvieciame-i-rozinio-pamaldas\/"},"author":{"name":"Marek Rusakevi\u010d","@id":"https:\/\/vilniauspetropovilo.lt\/#\/schema\/person\/6a83f0c29542565c8f6ffe96ec242930"},"headline":"Zapraszamy na\u00a0nabo\u017ce\u0144stwo r\u00f3\u017ca\u0144cowe","datePublished":"2020-09-28T15:49:08+00:00","dateModified":"2020-11-30T15:40:12+00:00","mainEntityOfPage":{"@id":"https:\/\/vilniauspetropovilo.lt\/kvieciame-i-rozinio-pamaldas\/"},"wordCount":93,"commentCount":0,"image":{"@id":"https:\/\/vilniauspetropovilo.lt\/kvieciame-i-rozinio-pamaldas\/#primaryimage"},"thumbnailUrl":"https:\/\/vilniauspetropovilo.lt\/wp-content\/uploads\/2020\/09\/roz.jpg","articleSection":["Be kategorijos",""],"inLanguage":"pl-PL","potentialAction":[{"@type":"CommentAction","name":"Comment","target":["https:\/\/vilniauspetropovilo.lt\/kvieciame-i-rozinio-pamaldas\/#respond"]}]},{"@type":"WebPage","@id":"https:\/\/vilniauspetropovilo.lt\/kvieciame-i-rozinio-pamaldas\/","url":"https:\/\/vilniauspetropovilo.lt\/kvieciame-i-rozinio-pamaldas\/","name":"Zapraszamy na\u00a0nabo\u017ce\u0144stwo r\u00f3\u017ca\u0144cowe - Vilniaus \u0160v. apa\u0161tal\u0173 Petro ir Povilo ba\u017eny\u010dia","isPartOf":{"@id":"https:\/\/vilniauspetropovilo.lt\/#website"},"primaryImageOfPage":{"@id":"https:\/\/vilniauspetropovilo.lt\/kvieciame-i-rozinio-pamaldas\/#primaryimage"},"image":{"@id":"https:\/\/vilniauspetropovilo.lt\/kvieciame-i-rozinio-pamaldas\/#primaryimage"},"thumbnailUrl":"https:\/\/vilniauspetropovilo.lt\/wp-content\/uploads\/2020\/09\/roz.jpg","datePublished":"2020-09-28T15:49:08+00:00","dateModified":"2020-11-30T15:40:12+00:00","author":{"@id":"https:\/\/vilniauspetropovilo.lt\/#\/schema\/person\/6a83f0c29542565c8f6ffe96ec242930"},"breadcrumb":{"@id":"https:\/\/vilniauspetropovilo.lt\/kvieciame-i-rozinio-pamaldas\/#breadcrumb"},"inLanguage":"pl-PL","potentialAction":[{"@type":"ReadAction","target":["https:\/\/vilniauspetropovilo.lt\/kvieciame-i-rozinio-pamaldas\/"]}]},{"@type":"ImageObject","inLanguage":"pl-PL","@id":"https:\/\/vilniauspetropovilo.lt\/kvieciame-i-rozinio-pamaldas\/#primaryimage","url":"https:\/\/vilniauspetropovilo.lt\/wp-content\/uploads\/2020\/09\/roz.jpg","contentUrl":"https:\/\/vilniauspetropovilo.lt\/wp-content\/uploads\/2020\/09\/roz.jpg","width":240,"height":300},{"@type":"BreadcrumbList","@id":"https:\/\/vilniauspetropovilo.lt\/kvieciame-i-rozinio-pamaldas\/#breadcrumb","itemListElement":[{"@type":"ListItem","position":1,"name":"Home","item":"https:\/\/vilniauspetropovilo.lt\/"},{"@type":"ListItem","position":2,"name":"Kvie\u010diame \u012f Ro\u017einio pamaldas"}]},{"@type":"WebSite","@id":"https:\/\/vilniauspetropovilo.lt\/#website","url":"https:\/\/vilniauspetropovilo.lt\/","name":"Vilniaus \u0160v. apa\u0161tal\u0173 Petro ir Povilo ba\u017eny\u010dia","description":"parafia pw. \u015awi\u0119tych Aposto\u0142\u00f3w Piotra i Paw\u0142a w Wilnie","potentialAction":[{"@type":"SearchAction","target":{"@type":"EntryPoint","urlTemplate":"https:\/\/vilniauspetropovilo.lt\/?s={search_term_string}"},"query-input":{"@type":"PropertyValueSpecification","valueRequired":true,"valueName":"search_term_string"}}],"inLanguage":"pl-PL"},{"@type":"Person","@id":"https:\/\/vilniauspetropovilo.lt\/#\/schema\/person\/6a83f0c29542565c8f6ffe96ec242930","name":"Marek Rusakevi\u010d","image":{"@type":"ImageObject","inLanguage":"pl-PL","@id":"https:\/\/secure.gravatar.com\/avatar\/412b37316abc24b6069825e81c7b8dd02cc0c347d813c649e96fc7feb10746b4?s=96&d=mm&r=g","url":"https:\/\/secure.gravatar.com\/avatar\/412b37316abc24b6069825e81c7b8dd02cc0c347d813c649e96fc7feb10746b4?s=96&d=mm&r=g","contentUrl":"https:\/\/secure.gravatar.com\/avatar\/412b37316abc24b6069825e81c7b8dd02cc0c347d813c649e96fc7feb10746b4?s=96&d=mm&r=g","caption":"Marek Rusakevi\u010d"},"url":"https:\/\/vilniauspetropovilo.lt\/pl\/author\/pp\/"}]}},"_links":{"self":[{"href":"https:\/\/vilniauspetropovilo.lt\/pl\/wp-json\/wp\/v2\/posts\/3240","targetHints":{"allow":["GET"]}}],"collection":[{"href":"https:\/\/vilniauspetropovilo.lt\/pl\/wp-json\/wp\/v2\/posts"}],"about":[{"href":"https:\/\/vilniauspetropovilo.lt\/pl\/wp-json\/wp\/v2\/types\/post"}],"author":[{"embeddable":true,"href":"https:\/\/vilniauspetropovilo.lt\/pl\/wp-json\/wp\/v2\/users\/2"}],"replies":[{"embeddable":true,"href":"https:\/\/vilniauspetropovilo.lt\/pl\/wp-json\/wp\/v2\/comments?post=3240"}],"version-history":[{"count":3,"href":"https:\/\/vilniauspetropovilo.lt\/pl\/wp-json\/wp\/v2\/posts\/3240\/revisions"}],"predecessor-version":[{"id":3336,"href":"https:\/\/vilniauspetropovilo.lt\/pl\/wp-json\/wp\/v2\/posts\/3240\/revisions\/3336"}],"wp:featuredmedia":[{"embeddable":true,"href":"https:\/\/vilniauspetropovilo.lt\/pl\/wp-json\/wp\/v2\/media\/3239"}],"wp:attachment":[{"href":"https:\/\/vilniauspetropovilo.lt\/pl\/wp-json\/wp\/v2\/media?parent=3240"}],"wp:term":[{"taxonomy":"category","embeddable":true,"href":"https:\/\/vilniauspetropovilo.lt\/pl\/wp-json\/wp\/v2\/categories?post=3240"},{"taxonomy":"post_tag","embeddable":true,"href":"https:\/\/vilniauspetropovilo.lt\/pl\/wp-json\/wp\/v2\/tags?post=3240"}],"curies":[{"name":"wp","href":"https:\/\/api.w.org\/{rel}","templated":true}]}}