{"id":2782,"date":"2020-06-21T12:00:31","date_gmt":"2020-06-21T09:00:31","guid":{"rendered":"https:\/\/vilniauspetropovilo.lt\/?p=2782"},"modified":"2020-06-21T12:00:31","modified_gmt":"2020-06-21T09:00:31","slug":"kvieciame-padovanoti-kraujo","status":"publish","type":"post","link":"https:\/\/vilniauspetropovilo.lt\/pl\/kvieciame-padovanoti-kraujo\/","title":{"rendered":"Zapraszamy do oddania krwi"},"content":{"rendered":"<p><\/p>\n<p><img loading=\"lazy\" decoding=\"async\" class=\"alignnone size-medium wp-image-2783 alignleft\" src=\"https:\/\/vilniauspetropovilo.lt\/wp-content\/uploads\/2020\/06\/Petro-Povilo-ba\u017eny\u010dia-212x300.jpg\" alt=\"\" width=\"212\" height=\"300\" srcset=\"https:\/\/vilniauspetropovilo.lt\/wp-content\/uploads\/2020\/06\/Petro-Povilo-ba\u017eny\u010dia-212x300.jpg 212w, https:\/\/vilniauspetropovilo.lt\/wp-content\/uploads\/2020\/06\/Petro-Povilo-ba\u017eny\u010dia-724x1024.jpg 724w, https:\/\/vilniauspetropovilo.lt\/wp-content\/uploads\/2020\/06\/Petro-Povilo-ba\u017eny\u010dia-768x1086.jpg 768w, https:\/\/vilniauspetropovilo.lt\/wp-content\/uploads\/2020\/06\/Petro-Povilo-ba\u017eny\u010dia-1086x1536.jpg 1086w, https:\/\/vilniauspetropovilo.lt\/wp-content\/uploads\/2020\/06\/Petro-Povilo-ba\u017eny\u010dia-1448x2048.jpg 1448w, https:\/\/vilniauspetropovilo.lt\/wp-content\/uploads\/2020\/06\/Petro-Povilo-ba\u017eny\u010dia-71x100.jpg 71w, https:\/\/vilniauspetropovilo.lt\/wp-content\/uploads\/2020\/06\/Petro-Povilo-ba\u017eny\u010dia-707x1000.jpg 707w, https:\/\/vilniauspetropovilo.lt\/wp-content\/uploads\/2020\/06\/Petro-Povilo-ba\u017eny\u010dia-scaled.jpg 1810w\" sizes=\"auto, (max-width: 212px) 100vw, 212px\" \/> W nast\u0119pn\u0105 niedziel\u0119 (28 czerwca) zapraszamy wszystkich na Msz\u0119 \u015bw. odpustow\u0105 o 12.00 godz., kt\u00f3rej przewodniczy\u0142 b\u0119dzie Nuncjusz Apostolski na Litwie arcybiskup Petar Antun RAJI\u010c.<\/p>\n<p><strong>Ze wzgl\u0119du na epidemi\u0119 koronawirusa w tym dniu nie b\u0119dzie tradycyjnego spotkania przy groch\u00f3wce i kawie, ale razem z Centrum krwiodawstwa w Wilnie organizujemy akcj\u0119 dobroczynn\u0105: oddanie krwi. Kto b\u0119dzie chcia\u0142, to przy zakrystii b\u0119dzie taka mo\u017cliwo\u015b\u0107 oddania krwi od 9.30 do 14 godz.<\/strong><\/p>\n<p>&nbsp;<\/p>\n<p>W tym dniu nie b\u0119dzie Mszy \u015bw. o godz. 13.00 i 11.30 a tylko jedna wsp\u00f3lna Msza \u015bw. o 12.00 godz.<\/p>\n<p>Inne Msze \u015bw. o 8.30 i 17.00 w j\u0119z. polskim i o 7.30, 10.00, 18.00 w j\u0119z. litewskim odb\u0119d\u0105 si\u0119 bez zmian.<\/p>\n<p><\/p>","protected":false},"excerpt":{"rendered":"<p>W nast\u0119pn\u0105 niedziel\u0119 (28 czerwca) zapraszamy wszystkich na Msz\u0119 \u015bw. odpustow\u0105 o 12.00 godz., kt\u00f3rej przewodniczy\u0142 b\u0119dzie Nuncjusz Apostolski na Litwie arcybiskup Petar Antun RAJI\u010c. Ze wzgl\u0119du na epidemi\u0119 koronawirusa \u2026<\/p>\n","protected":false},"author":2,"featured_media":2783,"comment_status":"open","ping_status":"open","sticky":false,"template":"","format":"standard","meta":{"footnotes":""},"categories":[1,3],"tags":[],"class_list":["post-2782","post","type-post","status-publish","format-standard","has-post-thumbnail","hentry","category-be-kategorijos","category-naujienos"],"yoast_head":"<!-- This site is optimized with the Yoast SEO plugin v27.3 - https:\/\/yoast.com\/product\/yoast-seo-wordpress\/ -->\n<title>Zapraszamy do oddania krwi - Vilniaus \u0160v. apa\u0161tal\u0173 Petro ir Povilo ba\u017eny\u010dia<\/title>\n<meta name=\"robots\" content=\"index, follow, max-snippet:-1, max-image-preview:large, max-video-preview:-1\" \/>\n<link rel=\"canonical\" href=\"https:\/\/vilniauspetropovilo.lt\/kvieciame-padovanoti-kraujo\/\" \/>\n<meta property=\"og:locale\" content=\"pl_PL\" \/>\n<meta property=\"og:type\" content=\"article\" \/>\n<meta property=\"og:title\" content=\"Zapraszamy do oddania krwi - Vilniaus \u0160v. apa\u0161tal\u0173 Petro ir Povilo ba\u017eny\u010dia\" \/>\n<meta property=\"og:description\" content=\"W nast\u0119pn\u0105 niedziel\u0119 (28 czerwca) zapraszamy wszystkich na Msz\u0119 \u015bw. odpustow\u0105 o 12.00 godz., kt\u00f3rej przewodniczy\u0142 b\u0119dzie Nuncjusz Apostolski na Litwie arcybiskup Petar Antun RAJI\u010c. Ze wzgl\u0119du na epidemi\u0119 koronawirusa \u2026\" \/>\n<meta property=\"og:url\" content=\"https:\/\/vilniauspetropovilo.lt\/kvieciame-padovanoti-kraujo\/\" \/>\n<meta property=\"og:site_name\" content=\"Vilniaus \u0160v. apa\u0161tal\u0173 Petro ir Povilo ba\u017eny\u010dia\" \/>\n<meta property=\"article:published_time\" content=\"2020-06-21T09:00:31+00:00\" \/>\n<meta property=\"og:image\" content=\"https:\/\/vilniauspetropovilo.lt\/wp-content\/uploads\/2020\/06\/Petro-Povilo-ba\u017eny\u010dia-scaled.jpg\" \/>\n\t<meta property=\"og:image:width\" content=\"1810\" \/>\n\t<meta property=\"og:image:height\" content=\"2560\" \/>\n\t<meta property=\"og:image:type\" content=\"image\/jpeg\" \/>\n<meta name=\"author\" content=\"Marek Rusakevi\u010d\" \/>\n<meta name=\"twitter:card\" content=\"summary_large_image\" \/>\n<meta name=\"twitter:label1\" content=\"Napisane przez\" \/>\n\t<meta name=\"twitter:data1\" content=\"Marek Rusakevi\u010d\" \/>\n\t<meta name=\"twitter:label2\" content=\"Szacowany czas czytania\" \/>\n\t<meta name=\"twitter:data2\" content=\"1 minuta\" \/>\n<script type=\"application\/ld+json\" class=\"yoast-schema-graph\">{\"@context\":\"https:\\\/\\\/schema.org\",\"@graph\":[{\"@type\":\"Article\",\"@id\":\"https:\\\/\\\/vilniauspetropovilo.lt\\\/kvieciame-padovanoti-kraujo\\\/#article\",\"isPartOf\":{\"@id\":\"https:\\\/\\\/vilniauspetropovilo.lt\\\/kvieciame-padovanoti-kraujo\\\/\"},\"author\":{\"name\":\"Marek Rusakevi\u010d\",\"@id\":\"https:\\\/\\\/vilniauspetropovilo.lt\\\/#\\\/schema\\\/person\\\/6a83f0c29542565c8f6ffe96ec242930\"},\"headline\":\"Zapraszamy do oddania krwi\",\"datePublished\":\"2020-06-21T09:00:31+00:00\",\"mainEntityOfPage\":{\"@id\":\"https:\\\/\\\/vilniauspetropovilo.lt\\\/kvieciame-padovanoti-kraujo\\\/\"},\"wordCount\":221,\"commentCount\":0,\"image\":{\"@id\":\"https:\\\/\\\/vilniauspetropovilo.lt\\\/kvieciame-padovanoti-kraujo\\\/#primaryimage\"},\"thumbnailUrl\":\"https:\\\/\\\/vilniauspetropovilo.lt\\\/wp-content\\\/uploads\\\/2020\\\/06\\\/Petro-Povilo-ba\u017eny\u010dia-scaled.jpg\",\"articleSection\":[\"Be kategorijos\",\"\"],\"inLanguage\":\"pl-PL\",\"potentialAction\":[{\"@type\":\"CommentAction\",\"name\":\"Comment\",\"target\":[\"https:\\\/\\\/vilniauspetropovilo.lt\\\/kvieciame-padovanoti-kraujo\\\/#respond\"]}]},{\"@type\":\"WebPage\",\"@id\":\"https:\\\/\\\/vilniauspetropovilo.lt\\\/kvieciame-padovanoti-kraujo\\\/\",\"url\":\"https:\\\/\\\/vilniauspetropovilo.lt\\\/kvieciame-padovanoti-kraujo\\\/\",\"name\":\"Zapraszamy do oddania krwi - Vilniaus \u0160v. apa\u0161tal\u0173 Petro ir Povilo ba\u017eny\u010dia\",\"isPartOf\":{\"@id\":\"https:\\\/\\\/vilniauspetropovilo.lt\\\/#website\"},\"primaryImageOfPage\":{\"@id\":\"https:\\\/\\\/vilniauspetropovilo.lt\\\/kvieciame-padovanoti-kraujo\\\/#primaryimage\"},\"image\":{\"@id\":\"https:\\\/\\\/vilniauspetropovilo.lt\\\/kvieciame-padovanoti-kraujo\\\/#primaryimage\"},\"thumbnailUrl\":\"https:\\\/\\\/vilniauspetropovilo.lt\\\/wp-content\\\/uploads\\\/2020\\\/06\\\/Petro-Povilo-ba\u017eny\u010dia-scaled.jpg\",\"datePublished\":\"2020-06-21T09:00:31+00:00\",\"author\":{\"@id\":\"https:\\\/\\\/vilniauspetropovilo.lt\\\/#\\\/schema\\\/person\\\/6a83f0c29542565c8f6ffe96ec242930\"},\"breadcrumb\":{\"@id\":\"https:\\\/\\\/vilniauspetropovilo.lt\\\/kvieciame-padovanoti-kraujo\\\/#breadcrumb\"},\"inLanguage\":\"pl-PL\",\"potentialAction\":[{\"@type\":\"ReadAction\",\"target\":[\"https:\\\/\\\/vilniauspetropovilo.lt\\\/kvieciame-padovanoti-kraujo\\\/\"]}]},{\"@type\":\"ImageObject\",\"inLanguage\":\"pl-PL\",\"@id\":\"https:\\\/\\\/vilniauspetropovilo.lt\\\/kvieciame-padovanoti-kraujo\\\/#primaryimage\",\"url\":\"https:\\\/\\\/vilniauspetropovilo.lt\\\/wp-content\\\/uploads\\\/2020\\\/06\\\/Petro-Povilo-ba\u017eny\u010dia-scaled.jpg\",\"contentUrl\":\"https:\\\/\\\/vilniauspetropovilo.lt\\\/wp-content\\\/uploads\\\/2020\\\/06\\\/Petro-Povilo-ba\u017eny\u010dia-scaled.jpg\",\"width\":1810,\"height\":2560},{\"@type\":\"BreadcrumbList\",\"@id\":\"https:\\\/\\\/vilniauspetropovilo.lt\\\/kvieciame-padovanoti-kraujo\\\/#breadcrumb\",\"itemListElement\":[{\"@type\":\"ListItem\",\"position\":1,\"name\":\"Home\",\"item\":\"https:\\\/\\\/vilniauspetropovilo.lt\\\/\"},{\"@type\":\"ListItem\",\"position\":2,\"name\":\"Kvie\u010diame padovanoti kraujo\"}]},{\"@type\":\"WebSite\",\"@id\":\"https:\\\/\\\/vilniauspetropovilo.lt\\\/#website\",\"url\":\"https:\\\/\\\/vilniauspetropovilo.lt\\\/\",\"name\":\"Vilniaus \u0160v. apa\u0161tal\u0173 Petro ir Povilo ba\u017eny\u010dia\",\"description\":\"parafia pw. \u015awi\u0119tych Aposto\u0142\u00f3w Piotra i Paw\u0142a w Wilnie\",\"potentialAction\":[{\"@type\":\"SearchAction\",\"target\":{\"@type\":\"EntryPoint\",\"urlTemplate\":\"https:\\\/\\\/vilniauspetropovilo.lt\\\/?s={search_term_string}\"},\"query-input\":{\"@type\":\"PropertyValueSpecification\",\"valueRequired\":true,\"valueName\":\"search_term_string\"}}],\"inLanguage\":\"pl-PL\"},{\"@type\":\"Person\",\"@id\":\"https:\\\/\\\/vilniauspetropovilo.lt\\\/#\\\/schema\\\/person\\\/6a83f0c29542565c8f6ffe96ec242930\",\"name\":\"Marek Rusakevi\u010d\",\"image\":{\"@type\":\"ImageObject\",\"inLanguage\":\"pl-PL\",\"@id\":\"https:\\\/\\\/secure.gravatar.com\\\/avatar\\\/412b37316abc24b6069825e81c7b8dd02cc0c347d813c649e96fc7feb10746b4?s=96&d=mm&r=g\",\"url\":\"https:\\\/\\\/secure.gravatar.com\\\/avatar\\\/412b37316abc24b6069825e81c7b8dd02cc0c347d813c649e96fc7feb10746b4?s=96&d=mm&r=g\",\"contentUrl\":\"https:\\\/\\\/secure.gravatar.com\\\/avatar\\\/412b37316abc24b6069825e81c7b8dd02cc0c347d813c649e96fc7feb10746b4?s=96&d=mm&r=g\",\"caption\":\"Marek Rusakevi\u010d\"},\"url\":\"https:\\\/\\\/vilniauspetropovilo.lt\\\/pl\\\/author\\\/pp\\\/\"}]}<\/script>\n<!-- \/ Yoast SEO plugin. -->","yoast_head_json":{"title":"Zapraszamy do oddania krwi - Vilniaus \u0160v. apa\u0161tal\u0173 Petro ir Povilo ba\u017eny\u010dia","robots":{"index":"index","follow":"follow","max-snippet":"max-snippet:-1","max-image-preview":"max-image-preview:large","max-video-preview":"max-video-preview:-1"},"canonical":"https:\/\/vilniauspetropovilo.lt\/kvieciame-padovanoti-kraujo\/","og_locale":"pl_PL","og_type":"article","og_title":"Zapraszamy do oddania krwi - Vilniaus \u0160v. apa\u0161tal\u0173 Petro ir Povilo ba\u017eny\u010dia","og_description":"W nast\u0119pn\u0105 niedziel\u0119 (28 czerwca) zapraszamy wszystkich na Msz\u0119 \u015bw. odpustow\u0105 o 12.00 godz., kt\u00f3rej przewodniczy\u0142 b\u0119dzie Nuncjusz Apostolski na Litwie arcybiskup Petar Antun RAJI\u010c. Ze wzgl\u0119du na epidemi\u0119 koronawirusa \u2026","og_url":"https:\/\/vilniauspetropovilo.lt\/kvieciame-padovanoti-kraujo\/","og_site_name":"Vilniaus \u0160v. apa\u0161tal\u0173 Petro ir Povilo ba\u017eny\u010dia","article_published_time":"2020-06-21T09:00:31+00:00","og_image":[{"width":1810,"height":2560,"url":"https:\/\/vilniauspetropovilo.lt\/wp-content\/uploads\/2020\/06\/Petro-Povilo-ba\u017eny\u010dia-scaled.jpg","type":"image\/jpeg"}],"author":"Marek Rusakevi\u010d","twitter_card":"summary_large_image","twitter_misc":{"Napisane przez":"Marek Rusakevi\u010d","Szacowany czas czytania":"1 minuta"},"schema":{"@context":"https:\/\/schema.org","@graph":[{"@type":"Article","@id":"https:\/\/vilniauspetropovilo.lt\/kvieciame-padovanoti-kraujo\/#article","isPartOf":{"@id":"https:\/\/vilniauspetropovilo.lt\/kvieciame-padovanoti-kraujo\/"},"author":{"name":"Marek Rusakevi\u010d","@id":"https:\/\/vilniauspetropovilo.lt\/#\/schema\/person\/6a83f0c29542565c8f6ffe96ec242930"},"headline":"Zapraszamy do oddania krwi","datePublished":"2020-06-21T09:00:31+00:00","mainEntityOfPage":{"@id":"https:\/\/vilniauspetropovilo.lt\/kvieciame-padovanoti-kraujo\/"},"wordCount":221,"commentCount":0,"image":{"@id":"https:\/\/vilniauspetropovilo.lt\/kvieciame-padovanoti-kraujo\/#primaryimage"},"thumbnailUrl":"https:\/\/vilniauspetropovilo.lt\/wp-content\/uploads\/2020\/06\/Petro-Povilo-ba\u017eny\u010dia-scaled.jpg","articleSection":["Be kategorijos",""],"inLanguage":"pl-PL","potentialAction":[{"@type":"CommentAction","name":"Comment","target":["https:\/\/vilniauspetropovilo.lt\/kvieciame-padovanoti-kraujo\/#respond"]}]},{"@type":"WebPage","@id":"https:\/\/vilniauspetropovilo.lt\/kvieciame-padovanoti-kraujo\/","url":"https:\/\/vilniauspetropovilo.lt\/kvieciame-padovanoti-kraujo\/","name":"Zapraszamy do oddania krwi - Vilniaus \u0160v. apa\u0161tal\u0173 Petro ir Povilo ba\u017eny\u010dia","isPartOf":{"@id":"https:\/\/vilniauspetropovilo.lt\/#website"},"primaryImageOfPage":{"@id":"https:\/\/vilniauspetropovilo.lt\/kvieciame-padovanoti-kraujo\/#primaryimage"},"image":{"@id":"https:\/\/vilniauspetropovilo.lt\/kvieciame-padovanoti-kraujo\/#primaryimage"},"thumbnailUrl":"https:\/\/vilniauspetropovilo.lt\/wp-content\/uploads\/2020\/06\/Petro-Povilo-ba\u017eny\u010dia-scaled.jpg","datePublished":"2020-06-21T09:00:31+00:00","author":{"@id":"https:\/\/vilniauspetropovilo.lt\/#\/schema\/person\/6a83f0c29542565c8f6ffe96ec242930"},"breadcrumb":{"@id":"https:\/\/vilniauspetropovilo.lt\/kvieciame-padovanoti-kraujo\/#breadcrumb"},"inLanguage":"pl-PL","potentialAction":[{"@type":"ReadAction","target":["https:\/\/vilniauspetropovilo.lt\/kvieciame-padovanoti-kraujo\/"]}]},{"@type":"ImageObject","inLanguage":"pl-PL","@id":"https:\/\/vilniauspetropovilo.lt\/kvieciame-padovanoti-kraujo\/#primaryimage","url":"https:\/\/vilniauspetropovilo.lt\/wp-content\/uploads\/2020\/06\/Petro-Povilo-ba\u017eny\u010dia-scaled.jpg","contentUrl":"https:\/\/vilniauspetropovilo.lt\/wp-content\/uploads\/2020\/06\/Petro-Povilo-ba\u017eny\u010dia-scaled.jpg","width":1810,"height":2560},{"@type":"BreadcrumbList","@id":"https:\/\/vilniauspetropovilo.lt\/kvieciame-padovanoti-kraujo\/#breadcrumb","itemListElement":[{"@type":"ListItem","position":1,"name":"Home","item":"https:\/\/vilniauspetropovilo.lt\/"},{"@type":"ListItem","position":2,"name":"Kvie\u010diame padovanoti kraujo"}]},{"@type":"WebSite","@id":"https:\/\/vilniauspetropovilo.lt\/#website","url":"https:\/\/vilniauspetropovilo.lt\/","name":"Vilniaus \u0160v. apa\u0161tal\u0173 Petro ir Povilo ba\u017eny\u010dia","description":"parafia pw. \u015awi\u0119tych Aposto\u0142\u00f3w Piotra i Paw\u0142a w Wilnie","potentialAction":[{"@type":"SearchAction","target":{"@type":"EntryPoint","urlTemplate":"https:\/\/vilniauspetropovilo.lt\/?s={search_term_string}"},"query-input":{"@type":"PropertyValueSpecification","valueRequired":true,"valueName":"search_term_string"}}],"inLanguage":"pl-PL"},{"@type":"Person","@id":"https:\/\/vilniauspetropovilo.lt\/#\/schema\/person\/6a83f0c29542565c8f6ffe96ec242930","name":"Marek Rusakevi\u010d","image":{"@type":"ImageObject","inLanguage":"pl-PL","@id":"https:\/\/secure.gravatar.com\/avatar\/412b37316abc24b6069825e81c7b8dd02cc0c347d813c649e96fc7feb10746b4?s=96&d=mm&r=g","url":"https:\/\/secure.gravatar.com\/avatar\/412b37316abc24b6069825e81c7b8dd02cc0c347d813c649e96fc7feb10746b4?s=96&d=mm&r=g","contentUrl":"https:\/\/secure.gravatar.com\/avatar\/412b37316abc24b6069825e81c7b8dd02cc0c347d813c649e96fc7feb10746b4?s=96&d=mm&r=g","caption":"Marek Rusakevi\u010d"},"url":"https:\/\/vilniauspetropovilo.lt\/pl\/author\/pp\/"}]}},"_links":{"self":[{"href":"https:\/\/vilniauspetropovilo.lt\/pl\/wp-json\/wp\/v2\/posts\/2782","targetHints":{"allow":["GET"]}}],"collection":[{"href":"https:\/\/vilniauspetropovilo.lt\/pl\/wp-json\/wp\/v2\/posts"}],"about":[{"href":"https:\/\/vilniauspetropovilo.lt\/pl\/wp-json\/wp\/v2\/types\/post"}],"author":[{"embeddable":true,"href":"https:\/\/vilniauspetropovilo.lt\/pl\/wp-json\/wp\/v2\/users\/2"}],"replies":[{"embeddable":true,"href":"https:\/\/vilniauspetropovilo.lt\/pl\/wp-json\/wp\/v2\/comments?post=2782"}],"version-history":[{"count":2,"href":"https:\/\/vilniauspetropovilo.lt\/pl\/wp-json\/wp\/v2\/posts\/2782\/revisions"}],"predecessor-version":[{"id":2785,"href":"https:\/\/vilniauspetropovilo.lt\/pl\/wp-json\/wp\/v2\/posts\/2782\/revisions\/2785"}],"wp:featuredmedia":[{"embeddable":true,"href":"https:\/\/vilniauspetropovilo.lt\/pl\/wp-json\/wp\/v2\/media\/2783"}],"wp:attachment":[{"href":"https:\/\/vilniauspetropovilo.lt\/pl\/wp-json\/wp\/v2\/media?parent=2782"}],"wp:term":[{"taxonomy":"category","embeddable":true,"href":"https:\/\/vilniauspetropovilo.lt\/pl\/wp-json\/wp\/v2\/categories?post=2782"},{"taxonomy":"post_tag","embeddable":true,"href":"https:\/\/vilniauspetropovilo.lt\/pl\/wp-json\/wp\/v2\/tags?post=2782"}],"curies":[{"name":"wp","href":"https:\/\/api.w.org\/{rel}","templated":true}]}}