{"id":1895,"date":"2019-04-14T17:39:33","date_gmt":"2019-04-14T14:39:33","guid":{"rendered":"https:\/\/vilniauspetropovilo.lt\/?p=1895"},"modified":"2019-04-14T17:46:40","modified_gmt":"2019-04-14T14:46:40","slug":"didziojo-tridienio-ir-sv-velyku-pamaldu-tvarka","status":"publish","type":"post","link":"https:\/\/vilniauspetropovilo.lt\/pl\/didziojo-tridienio-ir-sv-velyku-pamaldu-tvarka\/","title":{"rendered":"Rozk\u0142ad nabo\u017ce\u0144stwa w Triduum Paschalne"},"content":{"rendered":"<p><\/p>\n<h3><strong>ROZK\u0141AD NABO\u017bE\u0143STWA <\/strong><strong>W TRIDUUM PASCHALNE<\/strong><\/h3>\n<p>WIELKI CZWARTEK:<\/p>\n<p>\u00a0 \u00a0 \u00a0 \u00a0 \u00a0 \u00a0 Ko\u015bci\u00f3\u0142 otwarty od 8.00 godz.<\/p>\n<p><strong>17.00 Msza \u015bw. Wieczerzy Pa\u0144skiej<\/strong><\/p>\n<p>&nbsp;<\/p>\n<p>WIELKI PI\u0104TEK:<\/p>\n<p>\u00a0 \u00a0 \u00a0 \u00a0 \u00a0 \u00a0Ko\u015bci\u00f3\u0142 otwarty od 8.00 godz.<\/p>\n<p><strong>17.00 Nabo\u017ce\u0144stwo M\u0119ki Pa\u0144skiej<\/strong><\/p>\n<p>&nbsp;<\/p>\n<p>WIELKA SOBOTA:<\/p>\n<p>\u00a0\u00a0\u00a0\u00a0\u00a0\u00a0\u00a0\u00a0\u00a0 Ko\u015bci\u00f3\u0142 otwarty od 8.00 godz.<\/p>\n<p>\u00a0\u00a0\u00a0\u00a0\u00a0\u00a0\u00a0 \u00a0\u00a0Po\u015bwi\u0119cenie pokarm\u00f3w od 10.00 do 16.00 godz.<\/p>\n<p><strong>17.00 Wigilia Paschalna<\/strong><\/p>\n<p>&nbsp;<\/p>\n<p>ZMARTWYCHWSTANIE PA\u0143SKIE (WIELKANOC):<\/p>\n<p><strong>\u00a0 9.00 Msza \u015bw. Rezurekcyjna<\/strong><\/p>\n<p><strong>17.00 Msza \u015bw. w j\u0119z. polskim<\/strong><\/p>\n<p>&nbsp;<\/p>\n<p>2019 04 21 (w Wielkanoc) od 12.00 do 16.00 godz. ko\u015bci\u00f3\u0142 b\u0119dzie zamkni\u0119ty.<\/p>\n<p><\/p>","protected":false},"excerpt":{"rendered":"<p>ROZK\u0141AD NABO\u017bE\u0143STWA W TRIDUUM PASCHALNE WIELKI CZWARTEK: \u00a0 \u00a0 \u00a0 \u00a0 \u00a0 \u00a0 Ko\u015bci\u00f3\u0142 otwarty od 8.00 godz. 17.00 Msza \u015bw. Wieczerzy Pa\u0144skiej &nbsp; WIELKI PI\u0104TEK: \u00a0 \u00a0 \u00a0 \u00a0 \u2026<\/p>\n","protected":false},"author":2,"featured_media":1896,"comment_status":"open","ping_status":"open","sticky":false,"template":"","format":"standard","meta":{"footnotes":""},"categories":[1,3],"tags":[],"class_list":["post-1895","post","type-post","status-publish","format-standard","has-post-thumbnail","hentry","category-be-kategorijos","category-naujienos"],"yoast_head":"<!-- This site is optimized with the Yoast SEO plugin v27.3 - https:\/\/yoast.com\/product\/yoast-seo-wordpress\/ -->\n<title>Rozk\u0142ad nabo\u017ce\u0144stwa w Triduum Paschalne - Vilniaus \u0160v. apa\u0161tal\u0173 Petro ir Povilo ba\u017eny\u010dia<\/title>\n<meta name=\"robots\" content=\"index, follow, max-snippet:-1, max-image-preview:large, max-video-preview:-1\" \/>\n<link rel=\"canonical\" href=\"https:\/\/vilniauspetropovilo.lt\/didziojo-tridienio-ir-sv-velyku-pamaldu-tvarka\/\" \/>\n<meta property=\"og:locale\" content=\"pl_PL\" \/>\n<meta property=\"og:type\" content=\"article\" \/>\n<meta property=\"og:title\" content=\"Rozk\u0142ad nabo\u017ce\u0144stwa w Triduum Paschalne - Vilniaus \u0160v. apa\u0161tal\u0173 Petro ir Povilo ba\u017eny\u010dia\" \/>\n<meta property=\"og:description\" content=\"ROZK\u0141AD NABO\u017bE\u0143STWA W TRIDUUM PASCHALNE WIELKI CZWARTEK: \u00a0 \u00a0 \u00a0 \u00a0 \u00a0 \u00a0 Ko\u015bci\u00f3\u0142 otwarty od 8.00 godz. 17.00 Msza \u015bw. Wieczerzy Pa\u0144skiej &nbsp; WIELKI PI\u0104TEK: \u00a0 \u00a0 \u00a0 \u00a0 \u2026\" \/>\n<meta property=\"og:url\" content=\"https:\/\/vilniauspetropovilo.lt\/didziojo-tridienio-ir-sv-velyku-pamaldu-tvarka\/\" \/>\n<meta property=\"og:site_name\" content=\"Vilniaus \u0160v. apa\u0161tal\u0173 Petro ir Povilo ba\u017eny\u010dia\" \/>\n<meta property=\"article:published_time\" content=\"2019-04-14T14:39:33+00:00\" \/>\n<meta property=\"article:modified_time\" content=\"2019-04-14T14:46:40+00:00\" \/>\n<meta property=\"og:image\" content=\"https:\/\/vilniauspetropovilo.lt\/wp-content\/uploads\/2019\/04\/triduum.jpg\" \/>\n\t<meta property=\"og:image:width\" content=\"560\" \/>\n\t<meta property=\"og:image:height\" content=\"903\" \/>\n\t<meta property=\"og:image:type\" content=\"image\/jpeg\" \/>\n<meta name=\"author\" content=\"Marek Rusakevi\u010d\" \/>\n<meta name=\"twitter:card\" content=\"summary_large_image\" \/>\n<meta name=\"twitter:label1\" content=\"Napisane przez\" \/>\n\t<meta name=\"twitter:data1\" content=\"Marek Rusakevi\u010d\" \/>\n\t<meta name=\"twitter:label2\" content=\"Szacowany czas czytania\" \/>\n\t<meta name=\"twitter:data2\" content=\"1 minuta\" \/>\n<script type=\"application\/ld+json\" class=\"yoast-schema-graph\">{\"@context\":\"https:\\\/\\\/schema.org\",\"@graph\":[{\"@type\":\"Article\",\"@id\":\"https:\\\/\\\/vilniauspetropovilo.lt\\\/didziojo-tridienio-ir-sv-velyku-pamaldu-tvarka\\\/#article\",\"isPartOf\":{\"@id\":\"https:\\\/\\\/vilniauspetropovilo.lt\\\/didziojo-tridienio-ir-sv-velyku-pamaldu-tvarka\\\/\"},\"author\":{\"name\":\"Marek Rusakevi\u010d\",\"@id\":\"https:\\\/\\\/vilniauspetropovilo.lt\\\/#\\\/schema\\\/person\\\/6a83f0c29542565c8f6ffe96ec242930\"},\"headline\":\"Rozk\u0142ad nabo\u017ce\u0144stwa w Triduum Paschalne\",\"datePublished\":\"2019-04-14T14:39:33+00:00\",\"dateModified\":\"2019-04-14T14:46:40+00:00\",\"mainEntityOfPage\":{\"@id\":\"https:\\\/\\\/vilniauspetropovilo.lt\\\/didziojo-tridienio-ir-sv-velyku-pamaldu-tvarka\\\/\"},\"wordCount\":183,\"commentCount\":0,\"image\":{\"@id\":\"https:\\\/\\\/vilniauspetropovilo.lt\\\/didziojo-tridienio-ir-sv-velyku-pamaldu-tvarka\\\/#primaryimage\"},\"thumbnailUrl\":\"https:\\\/\\\/vilniauspetropovilo.lt\\\/wp-content\\\/uploads\\\/2019\\\/04\\\/triduum.jpg\",\"articleSection\":[\"Be kategorijos\",\"\"],\"inLanguage\":\"pl-PL\",\"potentialAction\":[{\"@type\":\"CommentAction\",\"name\":\"Comment\",\"target\":[\"https:\\\/\\\/vilniauspetropovilo.lt\\\/didziojo-tridienio-ir-sv-velyku-pamaldu-tvarka\\\/#respond\"]}]},{\"@type\":\"WebPage\",\"@id\":\"https:\\\/\\\/vilniauspetropovilo.lt\\\/didziojo-tridienio-ir-sv-velyku-pamaldu-tvarka\\\/\",\"url\":\"https:\\\/\\\/vilniauspetropovilo.lt\\\/didziojo-tridienio-ir-sv-velyku-pamaldu-tvarka\\\/\",\"name\":\"Rozk\u0142ad nabo\u017ce\u0144stwa w Triduum Paschalne - Vilniaus \u0160v. apa\u0161tal\u0173 Petro ir Povilo ba\u017eny\u010dia\",\"isPartOf\":{\"@id\":\"https:\\\/\\\/vilniauspetropovilo.lt\\\/#website\"},\"primaryImageOfPage\":{\"@id\":\"https:\\\/\\\/vilniauspetropovilo.lt\\\/didziojo-tridienio-ir-sv-velyku-pamaldu-tvarka\\\/#primaryimage\"},\"image\":{\"@id\":\"https:\\\/\\\/vilniauspetropovilo.lt\\\/didziojo-tridienio-ir-sv-velyku-pamaldu-tvarka\\\/#primaryimage\"},\"thumbnailUrl\":\"https:\\\/\\\/vilniauspetropovilo.lt\\\/wp-content\\\/uploads\\\/2019\\\/04\\\/triduum.jpg\",\"datePublished\":\"2019-04-14T14:39:33+00:00\",\"dateModified\":\"2019-04-14T14:46:40+00:00\",\"author\":{\"@id\":\"https:\\\/\\\/vilniauspetropovilo.lt\\\/#\\\/schema\\\/person\\\/6a83f0c29542565c8f6ffe96ec242930\"},\"breadcrumb\":{\"@id\":\"https:\\\/\\\/vilniauspetropovilo.lt\\\/didziojo-tridienio-ir-sv-velyku-pamaldu-tvarka\\\/#breadcrumb\"},\"inLanguage\":\"pl-PL\",\"potentialAction\":[{\"@type\":\"ReadAction\",\"target\":[\"https:\\\/\\\/vilniauspetropovilo.lt\\\/didziojo-tridienio-ir-sv-velyku-pamaldu-tvarka\\\/\"]}]},{\"@type\":\"ImageObject\",\"inLanguage\":\"pl-PL\",\"@id\":\"https:\\\/\\\/vilniauspetropovilo.lt\\\/didziojo-tridienio-ir-sv-velyku-pamaldu-tvarka\\\/#primaryimage\",\"url\":\"https:\\\/\\\/vilniauspetropovilo.lt\\\/wp-content\\\/uploads\\\/2019\\\/04\\\/triduum.jpg\",\"contentUrl\":\"https:\\\/\\\/vilniauspetropovilo.lt\\\/wp-content\\\/uploads\\\/2019\\\/04\\\/triduum.jpg\",\"width\":560,\"height\":903},{\"@type\":\"BreadcrumbList\",\"@id\":\"https:\\\/\\\/vilniauspetropovilo.lt\\\/didziojo-tridienio-ir-sv-velyku-pamaldu-tvarka\\\/#breadcrumb\",\"itemListElement\":[{\"@type\":\"ListItem\",\"position\":1,\"name\":\"Home\",\"item\":\"https:\\\/\\\/vilniauspetropovilo.lt\\\/\"},{\"@type\":\"ListItem\",\"position\":2,\"name\":\"Did\u017eiojo Tridienio ir \u0160v. Velyk\u0173 pamapld\u0173 tvarka\"}]},{\"@type\":\"WebSite\",\"@id\":\"https:\\\/\\\/vilniauspetropovilo.lt\\\/#website\",\"url\":\"https:\\\/\\\/vilniauspetropovilo.lt\\\/\",\"name\":\"Vilniaus \u0160v. apa\u0161tal\u0173 Petro ir Povilo ba\u017eny\u010dia\",\"description\":\"parafia pw. \u015awi\u0119tych Aposto\u0142\u00f3w Piotra i Paw\u0142a w Wilnie\",\"potentialAction\":[{\"@type\":\"SearchAction\",\"target\":{\"@type\":\"EntryPoint\",\"urlTemplate\":\"https:\\\/\\\/vilniauspetropovilo.lt\\\/?s={search_term_string}\"},\"query-input\":{\"@type\":\"PropertyValueSpecification\",\"valueRequired\":true,\"valueName\":\"search_term_string\"}}],\"inLanguage\":\"pl-PL\"},{\"@type\":\"Person\",\"@id\":\"https:\\\/\\\/vilniauspetropovilo.lt\\\/#\\\/schema\\\/person\\\/6a83f0c29542565c8f6ffe96ec242930\",\"name\":\"Marek Rusakevi\u010d\",\"image\":{\"@type\":\"ImageObject\",\"inLanguage\":\"pl-PL\",\"@id\":\"https:\\\/\\\/secure.gravatar.com\\\/avatar\\\/412b37316abc24b6069825e81c7b8dd02cc0c347d813c649e96fc7feb10746b4?s=96&d=mm&r=g\",\"url\":\"https:\\\/\\\/secure.gravatar.com\\\/avatar\\\/412b37316abc24b6069825e81c7b8dd02cc0c347d813c649e96fc7feb10746b4?s=96&d=mm&r=g\",\"contentUrl\":\"https:\\\/\\\/secure.gravatar.com\\\/avatar\\\/412b37316abc24b6069825e81c7b8dd02cc0c347d813c649e96fc7feb10746b4?s=96&d=mm&r=g\",\"caption\":\"Marek Rusakevi\u010d\"},\"url\":\"https:\\\/\\\/vilniauspetropovilo.lt\\\/pl\\\/author\\\/pp\\\/\"}]}<\/script>\n<!-- \/ Yoast SEO plugin. -->","yoast_head_json":{"title":"Rozk\u0142ad nabo\u017ce\u0144stwa w Triduum Paschalne - Vilniaus \u0160v. apa\u0161tal\u0173 Petro ir Povilo ba\u017eny\u010dia","robots":{"index":"index","follow":"follow","max-snippet":"max-snippet:-1","max-image-preview":"max-image-preview:large","max-video-preview":"max-video-preview:-1"},"canonical":"https:\/\/vilniauspetropovilo.lt\/didziojo-tridienio-ir-sv-velyku-pamaldu-tvarka\/","og_locale":"pl_PL","og_type":"article","og_title":"Rozk\u0142ad nabo\u017ce\u0144stwa w Triduum Paschalne - Vilniaus \u0160v. apa\u0161tal\u0173 Petro ir Povilo ba\u017eny\u010dia","og_description":"ROZK\u0141AD NABO\u017bE\u0143STWA W TRIDUUM PASCHALNE WIELKI CZWARTEK: \u00a0 \u00a0 \u00a0 \u00a0 \u00a0 \u00a0 Ko\u015bci\u00f3\u0142 otwarty od 8.00 godz. 17.00 Msza \u015bw. Wieczerzy Pa\u0144skiej &nbsp; WIELKI PI\u0104TEK: \u00a0 \u00a0 \u00a0 \u00a0 \u2026","og_url":"https:\/\/vilniauspetropovilo.lt\/didziojo-tridienio-ir-sv-velyku-pamaldu-tvarka\/","og_site_name":"Vilniaus \u0160v. apa\u0161tal\u0173 Petro ir Povilo ba\u017eny\u010dia","article_published_time":"2019-04-14T14:39:33+00:00","article_modified_time":"2019-04-14T14:46:40+00:00","og_image":[{"width":560,"height":903,"url":"https:\/\/vilniauspetropovilo.lt\/wp-content\/uploads\/2019\/04\/triduum.jpg","type":"image\/jpeg"}],"author":"Marek Rusakevi\u010d","twitter_card":"summary_large_image","twitter_misc":{"Napisane przez":"Marek Rusakevi\u010d","Szacowany czas czytania":"1 minuta"},"schema":{"@context":"https:\/\/schema.org","@graph":[{"@type":"Article","@id":"https:\/\/vilniauspetropovilo.lt\/didziojo-tridienio-ir-sv-velyku-pamaldu-tvarka\/#article","isPartOf":{"@id":"https:\/\/vilniauspetropovilo.lt\/didziojo-tridienio-ir-sv-velyku-pamaldu-tvarka\/"},"author":{"name":"Marek Rusakevi\u010d","@id":"https:\/\/vilniauspetropovilo.lt\/#\/schema\/person\/6a83f0c29542565c8f6ffe96ec242930"},"headline":"Rozk\u0142ad nabo\u017ce\u0144stwa w Triduum Paschalne","datePublished":"2019-04-14T14:39:33+00:00","dateModified":"2019-04-14T14:46:40+00:00","mainEntityOfPage":{"@id":"https:\/\/vilniauspetropovilo.lt\/didziojo-tridienio-ir-sv-velyku-pamaldu-tvarka\/"},"wordCount":183,"commentCount":0,"image":{"@id":"https:\/\/vilniauspetropovilo.lt\/didziojo-tridienio-ir-sv-velyku-pamaldu-tvarka\/#primaryimage"},"thumbnailUrl":"https:\/\/vilniauspetropovilo.lt\/wp-content\/uploads\/2019\/04\/triduum.jpg","articleSection":["Be kategorijos",""],"inLanguage":"pl-PL","potentialAction":[{"@type":"CommentAction","name":"Comment","target":["https:\/\/vilniauspetropovilo.lt\/didziojo-tridienio-ir-sv-velyku-pamaldu-tvarka\/#respond"]}]},{"@type":"WebPage","@id":"https:\/\/vilniauspetropovilo.lt\/didziojo-tridienio-ir-sv-velyku-pamaldu-tvarka\/","url":"https:\/\/vilniauspetropovilo.lt\/didziojo-tridienio-ir-sv-velyku-pamaldu-tvarka\/","name":"Rozk\u0142ad nabo\u017ce\u0144stwa w Triduum Paschalne - Vilniaus \u0160v. apa\u0161tal\u0173 Petro ir Povilo ba\u017eny\u010dia","isPartOf":{"@id":"https:\/\/vilniauspetropovilo.lt\/#website"},"primaryImageOfPage":{"@id":"https:\/\/vilniauspetropovilo.lt\/didziojo-tridienio-ir-sv-velyku-pamaldu-tvarka\/#primaryimage"},"image":{"@id":"https:\/\/vilniauspetropovilo.lt\/didziojo-tridienio-ir-sv-velyku-pamaldu-tvarka\/#primaryimage"},"thumbnailUrl":"https:\/\/vilniauspetropovilo.lt\/wp-content\/uploads\/2019\/04\/triduum.jpg","datePublished":"2019-04-14T14:39:33+00:00","dateModified":"2019-04-14T14:46:40+00:00","author":{"@id":"https:\/\/vilniauspetropovilo.lt\/#\/schema\/person\/6a83f0c29542565c8f6ffe96ec242930"},"breadcrumb":{"@id":"https:\/\/vilniauspetropovilo.lt\/didziojo-tridienio-ir-sv-velyku-pamaldu-tvarka\/#breadcrumb"},"inLanguage":"pl-PL","potentialAction":[{"@type":"ReadAction","target":["https:\/\/vilniauspetropovilo.lt\/didziojo-tridienio-ir-sv-velyku-pamaldu-tvarka\/"]}]},{"@type":"ImageObject","inLanguage":"pl-PL","@id":"https:\/\/vilniauspetropovilo.lt\/didziojo-tridienio-ir-sv-velyku-pamaldu-tvarka\/#primaryimage","url":"https:\/\/vilniauspetropovilo.lt\/wp-content\/uploads\/2019\/04\/triduum.jpg","contentUrl":"https:\/\/vilniauspetropovilo.lt\/wp-content\/uploads\/2019\/04\/triduum.jpg","width":560,"height":903},{"@type":"BreadcrumbList","@id":"https:\/\/vilniauspetropovilo.lt\/didziojo-tridienio-ir-sv-velyku-pamaldu-tvarka\/#breadcrumb","itemListElement":[{"@type":"ListItem","position":1,"name":"Home","item":"https:\/\/vilniauspetropovilo.lt\/"},{"@type":"ListItem","position":2,"name":"Did\u017eiojo Tridienio ir \u0160v. Velyk\u0173 pamapld\u0173 tvarka"}]},{"@type":"WebSite","@id":"https:\/\/vilniauspetropovilo.lt\/#website","url":"https:\/\/vilniauspetropovilo.lt\/","name":"Vilniaus \u0160v. apa\u0161tal\u0173 Petro ir Povilo ba\u017eny\u010dia","description":"parafia pw. \u015awi\u0119tych Aposto\u0142\u00f3w Piotra i Paw\u0142a w Wilnie","potentialAction":[{"@type":"SearchAction","target":{"@type":"EntryPoint","urlTemplate":"https:\/\/vilniauspetropovilo.lt\/?s={search_term_string}"},"query-input":{"@type":"PropertyValueSpecification","valueRequired":true,"valueName":"search_term_string"}}],"inLanguage":"pl-PL"},{"@type":"Person","@id":"https:\/\/vilniauspetropovilo.lt\/#\/schema\/person\/6a83f0c29542565c8f6ffe96ec242930","name":"Marek Rusakevi\u010d","image":{"@type":"ImageObject","inLanguage":"pl-PL","@id":"https:\/\/secure.gravatar.com\/avatar\/412b37316abc24b6069825e81c7b8dd02cc0c347d813c649e96fc7feb10746b4?s=96&d=mm&r=g","url":"https:\/\/secure.gravatar.com\/avatar\/412b37316abc24b6069825e81c7b8dd02cc0c347d813c649e96fc7feb10746b4?s=96&d=mm&r=g","contentUrl":"https:\/\/secure.gravatar.com\/avatar\/412b37316abc24b6069825e81c7b8dd02cc0c347d813c649e96fc7feb10746b4?s=96&d=mm&r=g","caption":"Marek Rusakevi\u010d"},"url":"https:\/\/vilniauspetropovilo.lt\/pl\/author\/pp\/"}]}},"_links":{"self":[{"href":"https:\/\/vilniauspetropovilo.lt\/pl\/wp-json\/wp\/v2\/posts\/1895","targetHints":{"allow":["GET"]}}],"collection":[{"href":"https:\/\/vilniauspetropovilo.lt\/pl\/wp-json\/wp\/v2\/posts"}],"about":[{"href":"https:\/\/vilniauspetropovilo.lt\/pl\/wp-json\/wp\/v2\/types\/post"}],"author":[{"embeddable":true,"href":"https:\/\/vilniauspetropovilo.lt\/pl\/wp-json\/wp\/v2\/users\/2"}],"replies":[{"embeddable":true,"href":"https:\/\/vilniauspetropovilo.lt\/pl\/wp-json\/wp\/v2\/comments?post=1895"}],"version-history":[{"count":3,"href":"https:\/\/vilniauspetropovilo.lt\/pl\/wp-json\/wp\/v2\/posts\/1895\/revisions"}],"predecessor-version":[{"id":1900,"href":"https:\/\/vilniauspetropovilo.lt\/pl\/wp-json\/wp\/v2\/posts\/1895\/revisions\/1900"}],"wp:featuredmedia":[{"embeddable":true,"href":"https:\/\/vilniauspetropovilo.lt\/pl\/wp-json\/wp\/v2\/media\/1896"}],"wp:attachment":[{"href":"https:\/\/vilniauspetropovilo.lt\/pl\/wp-json\/wp\/v2\/media?parent=1895"}],"wp:term":[{"taxonomy":"category","embeddable":true,"href":"https:\/\/vilniauspetropovilo.lt\/pl\/wp-json\/wp\/v2\/categories?post=1895"},{"taxonomy":"post_tag","embeddable":true,"href":"https:\/\/vilniauspetropovilo.lt\/pl\/wp-json\/wp\/v2\/tags?post=1895"}],"curies":[{"name":"wp","href":"https:\/\/api.w.org\/{rel}","templated":true}]}}