{"id":1698,"date":"2019-01-07T08:52:45","date_gmt":"2019-01-07T05:52:45","guid":{"rendered":"https:\/\/vilniauspetropovilo.lt\/?p=1698"},"modified":"2019-01-07T08:56:43","modified_gmt":"2019-01-07T05:56:43","slug":"piligrimine-kelione-i-portugalija-2019","status":"publish","type":"post","link":"https:\/\/vilniauspetropovilo.lt\/pl\/piligrimine-kelione-i-portugalija-2019\/","title":{"rendered":"Pielgrzymka do Portugalii 2019"},"content":{"rendered":"<p><\/p>\n<h3><strong>Pielgrzymka do Portugalii 2019\u00a0<\/strong><\/h3>\n<p><strong>2019-06-04\u00a0 &#8211;\u00a0 2019-06-11<\/strong><\/p>\n<p><a href=\"https:\/\/vilniauspetropovilo.lt\/wp-content\/uploads\/2019\/01\/PIELGRZYMKA-Portugalia-2019-M.docx\">PIELGRZYMKA Portugalia 2019-M-PLAN<\/a><\/p>\n<p>W razie pyta\u0144 prosimy o kontakt:<\/p>\n<p>Tel.: <a href=\"tel:+37065270638\">+370\u00a0652 70\u00a0638<\/a> albo na poczt\u0119 el.: <a href=\"mailto:ppbaznycia@gmail.com\">ppbaznycia@gmail.com<\/a><\/p>\n<p><\/p>","protected":false},"excerpt":{"rendered":"<p>Pielgrzymka do Portugalii 2019\u00a0 2019-06-04\u00a0 &#8211;\u00a0 2019-06-11 PIELGRZYMKA Portugalia 2019-M-PLAN W razie pyta\u0144 prosimy o kontakt: Tel.: +370\u00a0652 70\u00a0638 albo na poczt\u0119 el.: ppbaznycia@gmail.com<\/p>\n","protected":false},"author":2,"featured_media":1701,"comment_status":"open","ping_status":"open","sticky":false,"template":"","format":"standard","meta":{"footnotes":""},"categories":[1,3],"tags":[19,20],"class_list":["post-1698","post","type-post","status-publish","format-standard","has-post-thumbnail","hentry","category-be-kategorijos","category-naujienos","tag-fatima","tag-portugalia"],"yoast_head":"<!-- This site is optimized with the Yoast SEO plugin v27.3 - https:\/\/yoast.com\/product\/yoast-seo-wordpress\/ -->\n<title>Pielgrzymka do Portugalii 2019 - Vilniaus \u0160v. apa\u0161tal\u0173 Petro ir Povilo ba\u017eny\u010dia<\/title>\n<meta name=\"robots\" content=\"index, follow, max-snippet:-1, max-image-preview:large, max-video-preview:-1\" \/>\n<link rel=\"canonical\" href=\"https:\/\/vilniauspetropovilo.lt\/piligrimine-kelione-i-portugalija-2019\/\" \/>\n<meta property=\"og:locale\" content=\"pl_PL\" \/>\n<meta property=\"og:type\" content=\"article\" \/>\n<meta property=\"og:title\" content=\"Pielgrzymka do Portugalii 2019 - Vilniaus \u0160v. apa\u0161tal\u0173 Petro ir Povilo ba\u017eny\u010dia\" \/>\n<meta property=\"og:description\" content=\"Pielgrzymka do Portugalii 2019\u00a0 2019-06-04\u00a0 &#8211;\u00a0 2019-06-11 PIELGRZYMKA Portugalia 2019-M-PLAN W razie pyta\u0144 prosimy o kontakt: Tel.: +370\u00a0652 70\u00a0638 albo na poczt\u0119 el.: ppbaznycia@gmail.com\" \/>\n<meta property=\"og:url\" content=\"https:\/\/vilniauspetropovilo.lt\/piligrimine-kelione-i-portugalija-2019\/\" \/>\n<meta property=\"og:site_name\" content=\"Vilniaus \u0160v. apa\u0161tal\u0173 Petro ir Povilo ba\u017eny\u010dia\" \/>\n<meta property=\"article:published_time\" content=\"2019-01-07T05:52:45+00:00\" \/>\n<meta property=\"article:modified_time\" content=\"2019-01-07T05:56:43+00:00\" \/>\n<meta property=\"og:image\" content=\"https:\/\/vilniauspetropovilo.lt\/wp-content\/uploads\/2019\/01\/fatima-e1546840537381.jpg\" \/>\n\t<meta property=\"og:image:width\" content=\"100\" \/>\n\t<meta property=\"og:image:height\" content=\"145\" \/>\n\t<meta property=\"og:image:type\" content=\"image\/jpeg\" \/>\n<meta name=\"author\" content=\"Marek Rusakevi\u010d\" \/>\n<meta name=\"twitter:card\" content=\"summary_large_image\" \/>\n<meta name=\"twitter:label1\" content=\"Napisane przez\" \/>\n\t<meta name=\"twitter:data1\" content=\"Marek Rusakevi\u010d\" \/>\n<script type=\"application\/ld+json\" class=\"yoast-schema-graph\">{\"@context\":\"https:\\\/\\\/schema.org\",\"@graph\":[{\"@type\":\"Article\",\"@id\":\"https:\\\/\\\/vilniauspetropovilo.lt\\\/piligrimine-kelione-i-portugalija-2019\\\/#article\",\"isPartOf\":{\"@id\":\"https:\\\/\\\/vilniauspetropovilo.lt\\\/piligrimine-kelione-i-portugalija-2019\\\/\"},\"author\":{\"name\":\"Marek Rusakevi\u010d\",\"@id\":\"https:\\\/\\\/vilniauspetropovilo.lt\\\/#\\\/schema\\\/person\\\/6a83f0c29542565c8f6ffe96ec242930\"},\"headline\":\"Pielgrzymka do Portugalii 2019\",\"datePublished\":\"2019-01-07T05:52:45+00:00\",\"dateModified\":\"2019-01-07T05:56:43+00:00\",\"mainEntityOfPage\":{\"@id\":\"https:\\\/\\\/vilniauspetropovilo.lt\\\/piligrimine-kelione-i-portugalija-2019\\\/\"},\"wordCount\":68,\"commentCount\":0,\"image\":{\"@id\":\"https:\\\/\\\/vilniauspetropovilo.lt\\\/piligrimine-kelione-i-portugalija-2019\\\/#primaryimage\"},\"thumbnailUrl\":\"https:\\\/\\\/vilniauspetropovilo.lt\\\/wp-content\\\/uploads\\\/2019\\\/01\\\/fatima-e1546840537381.jpg\",\"keywords\":[\"Fatima\",\"Portugalia\"],\"articleSection\":[\"Be kategorijos\",\"\"],\"inLanguage\":\"pl-PL\",\"potentialAction\":[{\"@type\":\"CommentAction\",\"name\":\"Comment\",\"target\":[\"https:\\\/\\\/vilniauspetropovilo.lt\\\/piligrimine-kelione-i-portugalija-2019\\\/#respond\"]}]},{\"@type\":\"WebPage\",\"@id\":\"https:\\\/\\\/vilniauspetropovilo.lt\\\/piligrimine-kelione-i-portugalija-2019\\\/\",\"url\":\"https:\\\/\\\/vilniauspetropovilo.lt\\\/piligrimine-kelione-i-portugalija-2019\\\/\",\"name\":\"Pielgrzymka do Portugalii 2019 - Vilniaus \u0160v. apa\u0161tal\u0173 Petro ir Povilo ba\u017eny\u010dia\",\"isPartOf\":{\"@id\":\"https:\\\/\\\/vilniauspetropovilo.lt\\\/#website\"},\"primaryImageOfPage\":{\"@id\":\"https:\\\/\\\/vilniauspetropovilo.lt\\\/piligrimine-kelione-i-portugalija-2019\\\/#primaryimage\"},\"image\":{\"@id\":\"https:\\\/\\\/vilniauspetropovilo.lt\\\/piligrimine-kelione-i-portugalija-2019\\\/#primaryimage\"},\"thumbnailUrl\":\"https:\\\/\\\/vilniauspetropovilo.lt\\\/wp-content\\\/uploads\\\/2019\\\/01\\\/fatima-e1546840537381.jpg\",\"datePublished\":\"2019-01-07T05:52:45+00:00\",\"dateModified\":\"2019-01-07T05:56:43+00:00\",\"author\":{\"@id\":\"https:\\\/\\\/vilniauspetropovilo.lt\\\/#\\\/schema\\\/person\\\/6a83f0c29542565c8f6ffe96ec242930\"},\"breadcrumb\":{\"@id\":\"https:\\\/\\\/vilniauspetropovilo.lt\\\/piligrimine-kelione-i-portugalija-2019\\\/#breadcrumb\"},\"inLanguage\":\"pl-PL\",\"potentialAction\":[{\"@type\":\"ReadAction\",\"target\":[\"https:\\\/\\\/vilniauspetropovilo.lt\\\/piligrimine-kelione-i-portugalija-2019\\\/\"]}]},{\"@type\":\"ImageObject\",\"inLanguage\":\"pl-PL\",\"@id\":\"https:\\\/\\\/vilniauspetropovilo.lt\\\/piligrimine-kelione-i-portugalija-2019\\\/#primaryimage\",\"url\":\"https:\\\/\\\/vilniauspetropovilo.lt\\\/wp-content\\\/uploads\\\/2019\\\/01\\\/fatima-e1546840537381.jpg\",\"contentUrl\":\"https:\\\/\\\/vilniauspetropovilo.lt\\\/wp-content\\\/uploads\\\/2019\\\/01\\\/fatima-e1546840537381.jpg\",\"width\":100,\"height\":145},{\"@type\":\"BreadcrumbList\",\"@id\":\"https:\\\/\\\/vilniauspetropovilo.lt\\\/piligrimine-kelione-i-portugalija-2019\\\/#breadcrumb\",\"itemListElement\":[{\"@type\":\"ListItem\",\"position\":1,\"name\":\"Home\",\"item\":\"https:\\\/\\\/vilniauspetropovilo.lt\\\/\"},{\"@type\":\"ListItem\",\"position\":2,\"name\":\"Piligrimin\u0117 kelion\u0117 \u012f Portugalij\u0105 2019\"}]},{\"@type\":\"WebSite\",\"@id\":\"https:\\\/\\\/vilniauspetropovilo.lt\\\/#website\",\"url\":\"https:\\\/\\\/vilniauspetropovilo.lt\\\/\",\"name\":\"Vilniaus \u0160v. apa\u0161tal\u0173 Petro ir Povilo ba\u017eny\u010dia\",\"description\":\"parafia pw. \u015awi\u0119tych Aposto\u0142\u00f3w Piotra i Paw\u0142a w Wilnie\",\"potentialAction\":[{\"@type\":\"SearchAction\",\"target\":{\"@type\":\"EntryPoint\",\"urlTemplate\":\"https:\\\/\\\/vilniauspetropovilo.lt\\\/?s={search_term_string}\"},\"query-input\":{\"@type\":\"PropertyValueSpecification\",\"valueRequired\":true,\"valueName\":\"search_term_string\"}}],\"inLanguage\":\"pl-PL\"},{\"@type\":\"Person\",\"@id\":\"https:\\\/\\\/vilniauspetropovilo.lt\\\/#\\\/schema\\\/person\\\/6a83f0c29542565c8f6ffe96ec242930\",\"name\":\"Marek Rusakevi\u010d\",\"image\":{\"@type\":\"ImageObject\",\"inLanguage\":\"pl-PL\",\"@id\":\"https:\\\/\\\/secure.gravatar.com\\\/avatar\\\/412b37316abc24b6069825e81c7b8dd02cc0c347d813c649e96fc7feb10746b4?s=96&d=mm&r=g\",\"url\":\"https:\\\/\\\/secure.gravatar.com\\\/avatar\\\/412b37316abc24b6069825e81c7b8dd02cc0c347d813c649e96fc7feb10746b4?s=96&d=mm&r=g\",\"contentUrl\":\"https:\\\/\\\/secure.gravatar.com\\\/avatar\\\/412b37316abc24b6069825e81c7b8dd02cc0c347d813c649e96fc7feb10746b4?s=96&d=mm&r=g\",\"caption\":\"Marek Rusakevi\u010d\"},\"url\":\"https:\\\/\\\/vilniauspetropovilo.lt\\\/pl\\\/author\\\/pp\\\/\"}]}<\/script>\n<!-- \/ Yoast SEO plugin. -->","yoast_head_json":{"title":"Pielgrzymka do Portugalii 2019 - Vilniaus \u0160v. apa\u0161tal\u0173 Petro ir Povilo ba\u017eny\u010dia","robots":{"index":"index","follow":"follow","max-snippet":"max-snippet:-1","max-image-preview":"max-image-preview:large","max-video-preview":"max-video-preview:-1"},"canonical":"https:\/\/vilniauspetropovilo.lt\/piligrimine-kelione-i-portugalija-2019\/","og_locale":"pl_PL","og_type":"article","og_title":"Pielgrzymka do Portugalii 2019 - Vilniaus \u0160v. apa\u0161tal\u0173 Petro ir Povilo ba\u017eny\u010dia","og_description":"Pielgrzymka do Portugalii 2019\u00a0 2019-06-04\u00a0 &#8211;\u00a0 2019-06-11 PIELGRZYMKA Portugalia 2019-M-PLAN W razie pyta\u0144 prosimy o kontakt: Tel.: +370\u00a0652 70\u00a0638 albo na poczt\u0119 el.: ppbaznycia@gmail.com","og_url":"https:\/\/vilniauspetropovilo.lt\/piligrimine-kelione-i-portugalija-2019\/","og_site_name":"Vilniaus \u0160v. apa\u0161tal\u0173 Petro ir Povilo ba\u017eny\u010dia","article_published_time":"2019-01-07T05:52:45+00:00","article_modified_time":"2019-01-07T05:56:43+00:00","og_image":[{"width":100,"height":145,"url":"https:\/\/vilniauspetropovilo.lt\/wp-content\/uploads\/2019\/01\/fatima-e1546840537381.jpg","type":"image\/jpeg"}],"author":"Marek Rusakevi\u010d","twitter_card":"summary_large_image","twitter_misc":{"Napisane przez":"Marek Rusakevi\u010d"},"schema":{"@context":"https:\/\/schema.org","@graph":[{"@type":"Article","@id":"https:\/\/vilniauspetropovilo.lt\/piligrimine-kelione-i-portugalija-2019\/#article","isPartOf":{"@id":"https:\/\/vilniauspetropovilo.lt\/piligrimine-kelione-i-portugalija-2019\/"},"author":{"name":"Marek Rusakevi\u010d","@id":"https:\/\/vilniauspetropovilo.lt\/#\/schema\/person\/6a83f0c29542565c8f6ffe96ec242930"},"headline":"Pielgrzymka do Portugalii 2019","datePublished":"2019-01-07T05:52:45+00:00","dateModified":"2019-01-07T05:56:43+00:00","mainEntityOfPage":{"@id":"https:\/\/vilniauspetropovilo.lt\/piligrimine-kelione-i-portugalija-2019\/"},"wordCount":68,"commentCount":0,"image":{"@id":"https:\/\/vilniauspetropovilo.lt\/piligrimine-kelione-i-portugalija-2019\/#primaryimage"},"thumbnailUrl":"https:\/\/vilniauspetropovilo.lt\/wp-content\/uploads\/2019\/01\/fatima-e1546840537381.jpg","keywords":["Fatima","Portugalia"],"articleSection":["Be kategorijos",""],"inLanguage":"pl-PL","potentialAction":[{"@type":"CommentAction","name":"Comment","target":["https:\/\/vilniauspetropovilo.lt\/piligrimine-kelione-i-portugalija-2019\/#respond"]}]},{"@type":"WebPage","@id":"https:\/\/vilniauspetropovilo.lt\/piligrimine-kelione-i-portugalija-2019\/","url":"https:\/\/vilniauspetropovilo.lt\/piligrimine-kelione-i-portugalija-2019\/","name":"Pielgrzymka do Portugalii 2019 - Vilniaus \u0160v. apa\u0161tal\u0173 Petro ir Povilo ba\u017eny\u010dia","isPartOf":{"@id":"https:\/\/vilniauspetropovilo.lt\/#website"},"primaryImageOfPage":{"@id":"https:\/\/vilniauspetropovilo.lt\/piligrimine-kelione-i-portugalija-2019\/#primaryimage"},"image":{"@id":"https:\/\/vilniauspetropovilo.lt\/piligrimine-kelione-i-portugalija-2019\/#primaryimage"},"thumbnailUrl":"https:\/\/vilniauspetropovilo.lt\/wp-content\/uploads\/2019\/01\/fatima-e1546840537381.jpg","datePublished":"2019-01-07T05:52:45+00:00","dateModified":"2019-01-07T05:56:43+00:00","author":{"@id":"https:\/\/vilniauspetropovilo.lt\/#\/schema\/person\/6a83f0c29542565c8f6ffe96ec242930"},"breadcrumb":{"@id":"https:\/\/vilniauspetropovilo.lt\/piligrimine-kelione-i-portugalija-2019\/#breadcrumb"},"inLanguage":"pl-PL","potentialAction":[{"@type":"ReadAction","target":["https:\/\/vilniauspetropovilo.lt\/piligrimine-kelione-i-portugalija-2019\/"]}]},{"@type":"ImageObject","inLanguage":"pl-PL","@id":"https:\/\/vilniauspetropovilo.lt\/piligrimine-kelione-i-portugalija-2019\/#primaryimage","url":"https:\/\/vilniauspetropovilo.lt\/wp-content\/uploads\/2019\/01\/fatima-e1546840537381.jpg","contentUrl":"https:\/\/vilniauspetropovilo.lt\/wp-content\/uploads\/2019\/01\/fatima-e1546840537381.jpg","width":100,"height":145},{"@type":"BreadcrumbList","@id":"https:\/\/vilniauspetropovilo.lt\/piligrimine-kelione-i-portugalija-2019\/#breadcrumb","itemListElement":[{"@type":"ListItem","position":1,"name":"Home","item":"https:\/\/vilniauspetropovilo.lt\/"},{"@type":"ListItem","position":2,"name":"Piligrimin\u0117 kelion\u0117 \u012f Portugalij\u0105 2019"}]},{"@type":"WebSite","@id":"https:\/\/vilniauspetropovilo.lt\/#website","url":"https:\/\/vilniauspetropovilo.lt\/","name":"Vilniaus \u0160v. apa\u0161tal\u0173 Petro ir Povilo ba\u017eny\u010dia","description":"parafia pw. \u015awi\u0119tych Aposto\u0142\u00f3w Piotra i Paw\u0142a w Wilnie","potentialAction":[{"@type":"SearchAction","target":{"@type":"EntryPoint","urlTemplate":"https:\/\/vilniauspetropovilo.lt\/?s={search_term_string}"},"query-input":{"@type":"PropertyValueSpecification","valueRequired":true,"valueName":"search_term_string"}}],"inLanguage":"pl-PL"},{"@type":"Person","@id":"https:\/\/vilniauspetropovilo.lt\/#\/schema\/person\/6a83f0c29542565c8f6ffe96ec242930","name":"Marek Rusakevi\u010d","image":{"@type":"ImageObject","inLanguage":"pl-PL","@id":"https:\/\/secure.gravatar.com\/avatar\/412b37316abc24b6069825e81c7b8dd02cc0c347d813c649e96fc7feb10746b4?s=96&d=mm&r=g","url":"https:\/\/secure.gravatar.com\/avatar\/412b37316abc24b6069825e81c7b8dd02cc0c347d813c649e96fc7feb10746b4?s=96&d=mm&r=g","contentUrl":"https:\/\/secure.gravatar.com\/avatar\/412b37316abc24b6069825e81c7b8dd02cc0c347d813c649e96fc7feb10746b4?s=96&d=mm&r=g","caption":"Marek Rusakevi\u010d"},"url":"https:\/\/vilniauspetropovilo.lt\/pl\/author\/pp\/"}]}},"_links":{"self":[{"href":"https:\/\/vilniauspetropovilo.lt\/pl\/wp-json\/wp\/v2\/posts\/1698","targetHints":{"allow":["GET"]}}],"collection":[{"href":"https:\/\/vilniauspetropovilo.lt\/pl\/wp-json\/wp\/v2\/posts"}],"about":[{"href":"https:\/\/vilniauspetropovilo.lt\/pl\/wp-json\/wp\/v2\/types\/post"}],"author":[{"embeddable":true,"href":"https:\/\/vilniauspetropovilo.lt\/pl\/wp-json\/wp\/v2\/users\/2"}],"replies":[{"embeddable":true,"href":"https:\/\/vilniauspetropovilo.lt\/pl\/wp-json\/wp\/v2\/comments?post=1698"}],"version-history":[{"count":2,"href":"https:\/\/vilniauspetropovilo.lt\/pl\/wp-json\/wp\/v2\/posts\/1698\/revisions"}],"predecessor-version":[{"id":1867,"href":"https:\/\/vilniauspetropovilo.lt\/pl\/wp-json\/wp\/v2\/posts\/1698\/revisions\/1867"}],"wp:featuredmedia":[{"embeddable":true,"href":"https:\/\/vilniauspetropovilo.lt\/pl\/wp-json\/wp\/v2\/media\/1701"}],"wp:attachment":[{"href":"https:\/\/vilniauspetropovilo.lt\/pl\/wp-json\/wp\/v2\/media?parent=1698"}],"wp:term":[{"taxonomy":"category","embeddable":true,"href":"https:\/\/vilniauspetropovilo.lt\/pl\/wp-json\/wp\/v2\/categories?post=1698"},{"taxonomy":"post_tag","embeddable":true,"href":"https:\/\/vilniauspetropovilo.lt\/pl\/wp-json\/wp\/v2\/tags?post=1698"}],"curies":[{"name":"wp","href":"https:\/\/api.w.org\/{rel}","templated":true}]}}